{"id":2929,"date":"2023-11-23T15:01:48","date_gmt":"2023-11-23T18:01:48","guid":{"rendered":"https:\/\/corredorbioceanico.org\/?p=2929"},"modified":"2024-12-05T20:53:21","modified_gmt":"2024-12-05T23:53:21","slug":"se-realizo-el-iv-foro-de-integracion-del-corredor-bioceanico-de-capricornio-en-iquique","status":"publish","type":"post","link":"https:\/\/corredorbioceanico.org\/en\/se-realizo-el-iv-foro-de-integracion-del-corredor-bioceanico-de-capricornio-en-iquique\/","title":{"rendered":"The IV Integration Forum of the Capricorn Bioceanic Corridor was held in Iquique"},"content":{"rendered":"<p>IQUIQUE (TARAPAC\u00c1-CHILE) &#8211; The IV Integration Forum of the Capricorn Bioceanic Corridor (CBC) was successfully held in the city of Iquique, Chile, from November 27 to 28. The Governors and representatives present highlighted the establishment of the Sustainability Commission and the Citizen Participation Commission, with a Gender and Indigenous Peoples Perspective, as a strategic and social advancement in the development of the Capricorn Bioceanic Corridor.<\/p>\n<p>Presided over by Jos\u00e9 Miguel Carvajal Gallardo, Regional Governor of Tarapac\u00e1, the governors and representatives of the subnational states reaffirmed their commitment to strengthening the Capricorn Bioceanic Corridor from their territories as a catalyst for regional integration, promoting sustainable development and connectivity among the participating states, and as an opportunity to improve the quality of life for their inhabitants.<\/p>\n<p>Throughout the event, the initiative by the IDB, developed in Salta, Antofagasta, Mato Grosso do Sul, and Boquer\u00f3n, was commended. Consultations were held with the IDB representatives Leonardo Diniz and the head of the Master Plan, Alejandra Rald, on a plan of action that includes strengthening governmental management and infrastructure, both physical and digital. Furthermore, the importance of the private sector in the development of the Corridor was recognized, and previous work with private actors was highlighted, paving the way for future collaborations.<\/p>\n<p>Creation of the Executive Committee<\/p>\n<p>The seven regional governments present agreed to create an &#8220;Executive Committee,&#8221; for which they designated one professional from each Subnational State, with the objective that this committee generates the dynamism of the Corridor, develops analysis and proposals to continue advancing the institutionalization of the meetings of the Regional Governors of the Subnational States, and coordinates the technical work of the various commissions.<\/p>\n<p>During the event, the various working commissions met individually, which were:<\/p>\n<ul>\n<li>Citizen Participation with a gender and indigenous peoples focus<\/li>\n<li>Tourism Commission<\/li>\n<li>Sustainability Commission<\/li>\n<li>Academic Commission<\/li>\n<li>Public Works, Logistics, and Transportation Commission<\/li>\n<li>Trade and Border Procedures Commission<\/li>\n<li>Municipalities Commission<\/li>\n<\/ul>\n<p>As a conclusion of the IV Forum, the Capricorn Bioceanic Corridor is established as a pillar of cooperation and development, reinforcing the commitment to improve infrastructure, governance, and integration among the nations. This Forum marks a significant step in regional integration, laying the foundations for lasting collaboration and a common vision of growth and progress.<\/p>\n<p>The V Forum is scheduled for the first half of 2024 in Alto Paraguay and Boquer\u00f3n, Paraguay.<\/p>","protected":false},"excerpt":{"rendered":"<p>IQUIQUE (TARAPAC\u00c1-CHILE) &#8211; The IV Integration Forum of the Capricorn Bioceanic Corridor (CBC) was successfully held in the city of Iquique, Chile, from November 27 to 28. The Governors and representatives present highlighted the establishment of the Sustainability Commission and the Citizen Participation Commission, with a Gender and Indigenous Peoples Perspective, as a strategic and [&hellip;]<\/p>\n","protected":false},"author":1,"featured_media":2938,"comment_status":"open","ping_status":"open","sticky":false,"template":"","format":"standard","meta":{"_acf_changed":false,"_relevanssi_hide_post":"","_relevanssi_hide_content":"","_relevanssi_pin_for_all":"","_relevanssi_pin_keywords":"","_relevanssi_unpin_keywords":"","_relevanssi_related_keywords":"","_relevanssi_related_include_ids":"","_relevanssi_related_exclude_ids":"","_relevanssi_related_no_append":"","_relevanssi_related_not_related":"","_relevanssi_related_posts":"","_relevanssi_noindex_reason":"","footnotes":""},"categories":[1],"tags":[],"class_list":["post-2929","post","type-post","status-publish","format-standard","has-post-thumbnail","hentry","category-comunicados-de-prensa"],"acf":[],"yoast_head":"<!-- This site is optimized with the Yoast SEO plugin v25.5 - https:\/\/yoast.com\/wordpress\/plugins\/seo\/ -->\n<title>The IV Integration Forum of the Capricorn Bioceanic Corridor was held in Iquique - Corredor Bioce\u00e1nico de Capricornio<\/title>\n<meta name=\"robots\" content=\"index, follow, max-snippet:-1, max-image-preview:large, max-video-preview:-1\" \/>\n<link rel=\"canonical\" href=\"https:\/\/corredorbioceanico.org\/en\/se-realizo-el-iv-foro-de-integracion-del-corredor-bioceanico-de-capricornio-en-iquique\/\" \/>\n<meta property=\"og:locale\" content=\"en_US\" \/>\n<meta property=\"og:type\" content=\"article\" \/>\n<meta property=\"og:title\" content=\"[:es]Se realiz\u00f3 el IV Foro de Integraci\u00f3n del Corredor Bioce\u00e1nico de Capricornio en Iquique[:pb]Realizou-se o IV F\u00f3rum de Integra\u00e7\u00e3o do Corredor Bioce\u00e2nico de Capric\u00f3rnio em Iquique[:en]The IV Integration Forum of the Capricorn Bioceanic Corridor was held in Iquique[:] - Corredor Bioce\u00e1nico de Capricornio\" \/>\n<meta property=\"og:description\" content=\"IQUIQUE (TARAPAC\u00c1-CHILE) &#8211; The IV Integration Forum of the Capricorn Bioceanic Corridor (CBC) was successfully held in the city of Iquique, Chile, from November 27 to 28. The Governors and representatives present highlighted the establishment of the Sustainability Commission and the Citizen Participation Commission, with a Gender and Indigenous Peoples Perspective, as a strategic and [&hellip;]\" \/>\n<meta property=\"og:url\" content=\"https:\/\/corredorbioceanico.org\/en\/se-realizo-el-iv-foro-de-integracion-del-corredor-bioceanico-de-capricornio-en-iquique\/\" \/>\n<meta property=\"og:site_name\" content=\"Corredor Bioce\u00e1nico de Capricornio\" \/>\n<meta property=\"article:published_time\" content=\"2023-11-23T18:01:48+00:00\" \/>\n<meta property=\"article:modified_time\" content=\"2024-12-05T23:53:21+00:00\" \/>\n<meta property=\"og:image\" content=\"https:\/\/corredorbioceanico.org\/cms\/wp-content\/uploads\/2024\/11\/4-Foro-Corredor-Bioceanico-Iquique.png\" \/>\n\t<meta property=\"og:image:width\" content=\"800\" \/>\n\t<meta property=\"og:image:height\" content=\"800\" \/>\n\t<meta property=\"og:image:type\" content=\"image\/png\" \/>\n<meta name=\"author\" content=\"info@portable.cl\" \/>\n<meta name=\"twitter:card\" content=\"summary_large_image\" \/>\n<meta name=\"twitter:label1\" content=\"Written by\" \/>\n\t<meta name=\"twitter:data1\" content=\"info@portable.cl\" \/>\n\t<meta name=\"twitter:label2\" content=\"Est. reading time\" \/>\n\t<meta name=\"twitter:data2\" content=\"7 minutes\" \/>\n<script type=\"application\/ld+json\" class=\"yoast-schema-graph\">{\"@context\":\"https:\/\/schema.org\",\"@graph\":[{\"@type\":\"Article\",\"@id\":\"https:\/\/corredorbioceanico.org\/en\/se-realizo-el-iv-foro-de-integracion-del-corredor-bioceanico-de-capricornio-en-iquique\/#article\",\"isPartOf\":{\"@id\":\"https:\/\/corredorbioceanico.org\/en\/se-realizo-el-iv-foro-de-integracion-del-corredor-bioceanico-de-capricornio-en-iquique\/\"},\"author\":{\"name\":\"info@portable.cl\",\"@id\":\"https:\/\/corredorbioceanico.org\/es\/#\/schema\/person\/a690256ae37b47c6587b6f733bbc7d43\"},\"headline\":\"The IV Integration Forum of the Capricorn Bioceanic Corridor was held in Iquique\",\"datePublished\":\"2023-11-23T18:01:48+00:00\",\"dateModified\":\"2024-12-05T23:53:21+00:00\",\"mainEntityOfPage\":{\"@id\":\"https:\/\/corredorbioceanico.org\/en\/se-realizo-el-iv-foro-de-integracion-del-corredor-bioceanico-de-capricornio-en-iquique\/\"},\"wordCount\":1385,\"commentCount\":0,\"publisher\":{\"@id\":\"https:\/\/corredorbioceanico.org\/es\/#organization\"},\"image\":{\"@id\":\"https:\/\/corredorbioceanico.org\/en\/se-realizo-el-iv-foro-de-integracion-del-corredor-bioceanico-de-capricornio-en-iquique\/#primaryimage\"},\"thumbnailUrl\":\"https:\/\/corredorbioceanico.org\/cms\/wp-content\/uploads\/2024\/11\/4-Foro-Corredor-Bioceanico-Iquique.png\",\"articleSection\":[\"Press Releases\"],\"inLanguage\":\"en-US\",\"potentialAction\":[{\"@type\":\"CommentAction\",\"name\":\"Comment\",\"target\":[\"https:\/\/corredorbioceanico.org\/en\/se-realizo-el-iv-foro-de-integracion-del-corredor-bioceanico-de-capricornio-en-iquique\/#respond\"]}]},{\"@type\":\"WebPage\",\"@id\":\"https:\/\/corredorbioceanico.org\/en\/se-realizo-el-iv-foro-de-integracion-del-corredor-bioceanico-de-capricornio-en-iquique\/\",\"url\":\"https:\/\/corredorbioceanico.org\/en\/se-realizo-el-iv-foro-de-integracion-del-corredor-bioceanico-de-capricornio-en-iquique\/\",\"name\":\"[:es]Se realiz\u00f3 el IV Foro de Integraci\u00f3n del Corredor Bioce\u00e1nico de Capricornio en Iquique[:pb]Realizou-se o IV F\u00f3rum de Integra\u00e7\u00e3o do Corredor Bioce\u00e2nico de Capric\u00f3rnio em Iquique[:en]The IV Integration Forum of the Capricorn Bioceanic Corridor was held in Iquique[:] - Corredor Bioce\u00e1nico de Capricornio\",\"isPartOf\":{\"@id\":\"https:\/\/corredorbioceanico.org\/es\/#website\"},\"primaryImageOfPage\":{\"@id\":\"https:\/\/corredorbioceanico.org\/en\/se-realizo-el-iv-foro-de-integracion-del-corredor-bioceanico-de-capricornio-en-iquique\/#primaryimage\"},\"image\":{\"@id\":\"https:\/\/corredorbioceanico.org\/en\/se-realizo-el-iv-foro-de-integracion-del-corredor-bioceanico-de-capricornio-en-iquique\/#primaryimage\"},\"thumbnailUrl\":\"https:\/\/corredorbioceanico.org\/cms\/wp-content\/uploads\/2024\/11\/4-Foro-Corredor-Bioceanico-Iquique.png\",\"datePublished\":\"2023-11-23T18:01:48+00:00\",\"dateModified\":\"2024-12-05T23:53:21+00:00\",\"breadcrumb\":{\"@id\":\"https:\/\/corredorbioceanico.org\/en\/se-realizo-el-iv-foro-de-integracion-del-corredor-bioceanico-de-capricornio-en-iquique\/#breadcrumb\"},\"inLanguage\":\"en-US\",\"potentialAction\":[{\"@type\":\"ReadAction\",\"target\":[\"https:\/\/corredorbioceanico.org\/en\/se-realizo-el-iv-foro-de-integracion-del-corredor-bioceanico-de-capricornio-en-iquique\/\"]}]},{\"@type\":\"ImageObject\",\"inLanguage\":\"en-US\",\"@id\":\"https:\/\/corredorbioceanico.org\/en\/se-realizo-el-iv-foro-de-integracion-del-corredor-bioceanico-de-capricornio-en-iquique\/#primaryimage\",\"url\":\"https:\/\/corredorbioceanico.org\/cms\/wp-content\/uploads\/2024\/11\/4-Foro-Corredor-Bioceanico-Iquique.png\",\"contentUrl\":\"https:\/\/corredorbioceanico.org\/cms\/wp-content\/uploads\/2024\/11\/4-Foro-Corredor-Bioceanico-Iquique.png\",\"width\":800,\"height\":800},{\"@type\":\"BreadcrumbList\",\"@id\":\"https:\/\/corredorbioceanico.org\/en\/se-realizo-el-iv-foro-de-integracion-del-corredor-bioceanico-de-capricornio-en-iquique\/#breadcrumb\",\"itemListElement\":[{\"@type\":\"ListItem\",\"position\":1,\"name\":\"Portada\",\"item\":\"https:\/\/corredorbioceanico.org\/es\/\"},{\"@type\":\"ListItem\",\"position\":2,\"name\":\"The IV Integration Forum of the Capricorn Bioceanic Corridor was held in Iquique\"}]},{\"@type\":\"WebSite\",\"@id\":\"https:\/\/corredorbioceanico.org\/es\/#website\",\"url\":\"https:\/\/corredorbioceanico.org\/es\/\",\"name\":\"Corredor Bioce\u00e1nico de Capricornio\",\"description\":\"Sitio Web del Corredor Bioce\u00e1nico de Capricornio\",\"publisher\":{\"@id\":\"https:\/\/corredorbioceanico.org\/es\/#organization\"},\"potentialAction\":[{\"@type\":\"SearchAction\",\"target\":{\"@type\":\"EntryPoint\",\"urlTemplate\":\"https:\/\/corredorbioceanico.org\/es\/?s={search_term_string}\"},\"query-input\":{\"@type\":\"PropertyValueSpecification\",\"valueRequired\":true,\"valueName\":\"search_term_string\"}}],\"inLanguage\":\"en-US\"},{\"@type\":\"Organization\",\"@id\":\"https:\/\/corredorbioceanico.org\/es\/#organization\",\"name\":\"Corredor Bioce\u00e1nico de Capricornio\",\"url\":\"https:\/\/corredorbioceanico.org\/es\/\",\"logo\":{\"@type\":\"ImageObject\",\"inLanguage\":\"en-US\",\"@id\":\"https:\/\/corredorbioceanico.org\/es\/#\/schema\/logo\/image\/\",\"url\":\"https:\/\/corredorbioceanico.org\/cms\/wp-content\/uploads\/2025\/02\/CBC_ID_WEB_1B.png\",\"contentUrl\":\"https:\/\/corredorbioceanico.org\/cms\/wp-content\/uploads\/2025\/02\/CBC_ID_WEB_1B.png\",\"width\":652,\"height\":200,\"caption\":\"Corredor Bioce\u00e1nico de Capricornio\"},\"image\":{\"@id\":\"https:\/\/corredorbioceanico.org\/es\/#\/schema\/logo\/image\/\"}},{\"@type\":\"Person\",\"@id\":\"https:\/\/corredorbioceanico.org\/es\/#\/schema\/person\/a690256ae37b47c6587b6f733bbc7d43\",\"name\":\"info@portable.cl\",\"image\":{\"@type\":\"ImageObject\",\"inLanguage\":\"en-US\",\"@id\":\"https:\/\/corredorbioceanico.org\/es\/#\/schema\/person\/image\/\",\"url\":\"https:\/\/secure.gravatar.com\/avatar\/3b872948a837a69d7473d7869e5dcf25?s=96&d=mm&r=g\",\"contentUrl\":\"https:\/\/secure.gravatar.com\/avatar\/3b872948a837a69d7473d7869e5dcf25?s=96&d=mm&r=g\",\"caption\":\"info@portable.cl\"},\"url\":\"https:\/\/corredorbioceanico.org\/en\/author\/infoportable-cl\/\"}]}<\/script>\n<!-- \/ Yoast SEO plugin. -->","yoast_head_json":{"title":"[:es]Se realiz\u00f3 el IV Foro de Integraci\u00f3n del Corredor Bioce\u00e1nico de Capricornio en Iquique[:pb]Realizou-se o IV F\u00f3rum de Integra\u00e7\u00e3o do Corredor Bioce\u00e2nico de Capric\u00f3rnio em Iquique[:en]The IV Integration Forum of the Capricorn Bioceanic Corridor was held in Iquique[:] - Corredor Bioce\u00e1nico de Capricornio","robots":{"index":"index","follow":"follow","max-snippet":"max-snippet:-1","max-image-preview":"max-image-preview:large","max-video-preview":"max-video-preview:-1"},"canonical":"https:\/\/corredorbioceanico.org\/en\/se-realizo-el-iv-foro-de-integracion-del-corredor-bioceanico-de-capricornio-en-iquique\/","og_locale":"en_US","og_type":"article","og_title":"[:es]Se realiz\u00f3 el IV Foro de Integraci\u00f3n del Corredor Bioce\u00e1nico de Capricornio en Iquique[:pb]Realizou-se o IV F\u00f3rum de Integra\u00e7\u00e3o do Corredor Bioce\u00e2nico de Capric\u00f3rnio em Iquique[:en]The IV Integration Forum of the Capricorn Bioceanic Corridor was held in Iquique[:] - Corredor Bioce\u00e1nico de Capricornio","og_description":"IQUIQUE (TARAPAC\u00c1-CHILE) &#8211; The IV Integration Forum of the Capricorn Bioceanic Corridor (CBC) was successfully held in the city of Iquique, Chile, from November 27 to 28. The Governors and representatives present highlighted the establishment of the Sustainability Commission and the Citizen Participation Commission, with a Gender and Indigenous Peoples Perspective, as a strategic and [&hellip;]","og_url":"https:\/\/corredorbioceanico.org\/en\/se-realizo-el-iv-foro-de-integracion-del-corredor-bioceanico-de-capricornio-en-iquique\/","og_site_name":"Corredor Bioce\u00e1nico de Capricornio","article_published_time":"2023-11-23T18:01:48+00:00","article_modified_time":"2024-12-05T23:53:21+00:00","og_image":[{"width":800,"height":800,"url":"https:\/\/corredorbioceanico.org\/cms\/wp-content\/uploads\/2024\/11\/4-Foro-Corredor-Bioceanico-Iquique.png","type":"image\/png"}],"author":"info@portable.cl","twitter_card":"summary_large_image","twitter_misc":{"Written by":"info@portable.cl","Est. reading time":"7 minutes"},"schema":{"@context":"https:\/\/schema.org","@graph":[{"@type":"Article","@id":"https:\/\/corredorbioceanico.org\/en\/se-realizo-el-iv-foro-de-integracion-del-corredor-bioceanico-de-capricornio-en-iquique\/#article","isPartOf":{"@id":"https:\/\/corredorbioceanico.org\/en\/se-realizo-el-iv-foro-de-integracion-del-corredor-bioceanico-de-capricornio-en-iquique\/"},"author":{"name":"info@portable.cl","@id":"https:\/\/corredorbioceanico.org\/es\/#\/schema\/person\/a690256ae37b47c6587b6f733bbc7d43"},"headline":"The IV Integration Forum of the Capricorn Bioceanic Corridor was held in Iquique","datePublished":"2023-11-23T18:01:48+00:00","dateModified":"2024-12-05T23:53:21+00:00","mainEntityOfPage":{"@id":"https:\/\/corredorbioceanico.org\/en\/se-realizo-el-iv-foro-de-integracion-del-corredor-bioceanico-de-capricornio-en-iquique\/"},"wordCount":1385,"commentCount":0,"publisher":{"@id":"https:\/\/corredorbioceanico.org\/es\/#organization"},"image":{"@id":"https:\/\/corredorbioceanico.org\/en\/se-realizo-el-iv-foro-de-integracion-del-corredor-bioceanico-de-capricornio-en-iquique\/#primaryimage"},"thumbnailUrl":"https:\/\/corredorbioceanico.org\/cms\/wp-content\/uploads\/2024\/11\/4-Foro-Corredor-Bioceanico-Iquique.png","articleSection":["Press Releases"],"inLanguage":"en-US","potentialAction":[{"@type":"CommentAction","name":"Comment","target":["https:\/\/corredorbioceanico.org\/en\/se-realizo-el-iv-foro-de-integracion-del-corredor-bioceanico-de-capricornio-en-iquique\/#respond"]}]},{"@type":"WebPage","@id":"https:\/\/corredorbioceanico.org\/en\/se-realizo-el-iv-foro-de-integracion-del-corredor-bioceanico-de-capricornio-en-iquique\/","url":"https:\/\/corredorbioceanico.org\/en\/se-realizo-el-iv-foro-de-integracion-del-corredor-bioceanico-de-capricornio-en-iquique\/","name":"[:es]Se realiz\u00f3 el IV Foro de Integraci\u00f3n del Corredor Bioce\u00e1nico de Capricornio en Iquique[:pb]Realizou-se o IV F\u00f3rum de Integra\u00e7\u00e3o do Corredor Bioce\u00e2nico de Capric\u00f3rnio em Iquique[:en]The IV Integration Forum of the Capricorn Bioceanic Corridor was held in Iquique[:] - Corredor Bioce\u00e1nico de Capricornio","isPartOf":{"@id":"https:\/\/corredorbioceanico.org\/es\/#website"},"primaryImageOfPage":{"@id":"https:\/\/corredorbioceanico.org\/en\/se-realizo-el-iv-foro-de-integracion-del-corredor-bioceanico-de-capricornio-en-iquique\/#primaryimage"},"image":{"@id":"https:\/\/corredorbioceanico.org\/en\/se-realizo-el-iv-foro-de-integracion-del-corredor-bioceanico-de-capricornio-en-iquique\/#primaryimage"},"thumbnailUrl":"https:\/\/corredorbioceanico.org\/cms\/wp-content\/uploads\/2024\/11\/4-Foro-Corredor-Bioceanico-Iquique.png","datePublished":"2023-11-23T18:01:48+00:00","dateModified":"2024-12-05T23:53:21+00:00","breadcrumb":{"@id":"https:\/\/corredorbioceanico.org\/en\/se-realizo-el-iv-foro-de-integracion-del-corredor-bioceanico-de-capricornio-en-iquique\/#breadcrumb"},"inLanguage":"en-US","potentialAction":[{"@type":"ReadAction","target":["https:\/\/corredorbioceanico.org\/en\/se-realizo-el-iv-foro-de-integracion-del-corredor-bioceanico-de-capricornio-en-iquique\/"]}]},{"@type":"ImageObject","inLanguage":"en-US","@id":"https:\/\/corredorbioceanico.org\/en\/se-realizo-el-iv-foro-de-integracion-del-corredor-bioceanico-de-capricornio-en-iquique\/#primaryimage","url":"https:\/\/corredorbioceanico.org\/cms\/wp-content\/uploads\/2024\/11\/4-Foro-Corredor-Bioceanico-Iquique.png","contentUrl":"https:\/\/corredorbioceanico.org\/cms\/wp-content\/uploads\/2024\/11\/4-Foro-Corredor-Bioceanico-Iquique.png","width":800,"height":800},{"@type":"BreadcrumbList","@id":"https:\/\/corredorbioceanico.org\/en\/se-realizo-el-iv-foro-de-integracion-del-corredor-bioceanico-de-capricornio-en-iquique\/#breadcrumb","itemListElement":[{"@type":"ListItem","position":1,"name":"Portada","item":"https:\/\/corredorbioceanico.org\/es\/"},{"@type":"ListItem","position":2,"name":"The IV Integration Forum of the Capricorn Bioceanic Corridor was held in Iquique"}]},{"@type":"WebSite","@id":"https:\/\/corredorbioceanico.org\/es\/#website","url":"https:\/\/corredorbioceanico.org\/es\/","name":"Corredor Bioce\u00e1nico de Capricornio","description":"Sitio Web del Corredor Bioce\u00e1nico de Capricornio","publisher":{"@id":"https:\/\/corredorbioceanico.org\/es\/#organization"},"potentialAction":[{"@type":"SearchAction","target":{"@type":"EntryPoint","urlTemplate":"https:\/\/corredorbioceanico.org\/es\/?s={search_term_string}"},"query-input":{"@type":"PropertyValueSpecification","valueRequired":true,"valueName":"search_term_string"}}],"inLanguage":"en-US"},{"@type":"Organization","@id":"https:\/\/corredorbioceanico.org\/es\/#organization","name":"Corredor Bioce\u00e1nico de Capricornio","url":"https:\/\/corredorbioceanico.org\/es\/","logo":{"@type":"ImageObject","inLanguage":"en-US","@id":"https:\/\/corredorbioceanico.org\/es\/#\/schema\/logo\/image\/","url":"https:\/\/corredorbioceanico.org\/cms\/wp-content\/uploads\/2025\/02\/CBC_ID_WEB_1B.png","contentUrl":"https:\/\/corredorbioceanico.org\/cms\/wp-content\/uploads\/2025\/02\/CBC_ID_WEB_1B.png","width":652,"height":200,"caption":"Corredor Bioce\u00e1nico de Capricornio"},"image":{"@id":"https:\/\/corredorbioceanico.org\/es\/#\/schema\/logo\/image\/"}},{"@type":"Person","@id":"https:\/\/corredorbioceanico.org\/es\/#\/schema\/person\/a690256ae37b47c6587b6f733bbc7d43","name":"info@portable.cl","image":{"@type":"ImageObject","inLanguage":"en-US","@id":"https:\/\/corredorbioceanico.org\/es\/#\/schema\/person\/image\/","url":"https:\/\/secure.gravatar.com\/avatar\/3b872948a837a69d7473d7869e5dcf25?s=96&d=mm&r=g","contentUrl":"https:\/\/secure.gravatar.com\/avatar\/3b872948a837a69d7473d7869e5dcf25?s=96&d=mm&r=g","caption":"info@portable.cl"},"url":"https:\/\/corredorbioceanico.org\/en\/author\/infoportable-cl\/"}]}},"_links":{"self":[{"href":"https:\/\/corredorbioceanico.org\/en\/wp-json\/wp\/v2\/posts\/2929","targetHints":{"allow":["GET"]}}],"collection":[{"href":"https:\/\/corredorbioceanico.org\/en\/wp-json\/wp\/v2\/posts"}],"about":[{"href":"https:\/\/corredorbioceanico.org\/en\/wp-json\/wp\/v2\/types\/post"}],"author":[{"embeddable":true,"href":"https:\/\/corredorbioceanico.org\/en\/wp-json\/wp\/v2\/users\/1"}],"replies":[{"embeddable":true,"href":"https:\/\/corredorbioceanico.org\/en\/wp-json\/wp\/v2\/comments?post=2929"}],"version-history":[{"count":3,"href":"https:\/\/corredorbioceanico.org\/en\/wp-json\/wp\/v2\/posts\/2929\/revisions"}],"predecessor-version":[{"id":3317,"href":"https:\/\/corredorbioceanico.org\/en\/wp-json\/wp\/v2\/posts\/2929\/revisions\/3317"}],"wp:featuredmedia":[{"embeddable":true,"href":"https:\/\/corredorbioceanico.org\/en\/wp-json\/wp\/v2\/media\/2938"}],"wp:attachment":[{"href":"https:\/\/corredorbioceanico.org\/en\/wp-json\/wp\/v2\/media?parent=2929"}],"wp:term":[{"taxonomy":"category","embeddable":true,"href":"https:\/\/corredorbioceanico.org\/en\/wp-json\/wp\/v2\/categories?post=2929"},{"taxonomy":"post_tag","embeddable":true,"href":"https:\/\/corredorbioceanico.org\/en\/wp-json\/wp\/v2\/tags?post=2929"}],"curies":[{"name":"wp","href":"https:\/\/api.w.org\/{rel}","templated":true}]}}