{"id":3724,"date":"2025-04-22T15:12:20","date_gmt":"2025-04-22T18:12:20","guid":{"rendered":"https:\/\/corredorbioceanico.org\/?p=3724"},"modified":"2025-04-30T15:12:28","modified_gmt":"2025-04-30T18:12:28","slug":"salta-y-chile-avanzan-en-la-integracion-logistica","status":"publish","type":"post","link":"https:\/\/corredorbioceanico.org\/en\/salta-y-chile-avanzan-en-la-integracion-logistica\/","title":{"rendered":"(ES) Salta y Chile avanzan en la integraci\u00f3n log\u00edstica"},"content":{"rendered":"<p>El municipio de General G\u00fcemes fue sede de una primera jornada de trabajo, que se complementar\u00e1 con un encuentro con autoridades provinciales y la realizaci\u00f3n de un taller de cooperaci\u00f3n descentralizada. Las actividades se desarrollan, en el marco del proyecto \u201cFortalecimiento Institucional del Municipio de G\u00fcemes como Zona de Actividades Log\u00edsticas\u201d. Del cual participan autoridades locales y una delegaci\u00f3n t\u00e9cnica y pol\u00edtica de la Regi\u00f3n de Antofagasta, Chile.<\/p>\n<p>La iniciativa se enmarca en la \u201cConvocatoria para la Presentaci\u00f3n de Proyectos de Cooperaci\u00f3n Descentralizada Argentina-Chile 2020\u201d, impulsada y financiada por las canciller\u00edas de ambos pa\u00edses y busca consolidar a G\u00fcemes como una zona clave para el desarrollo log\u00edstico regional, a partir del intercambio de experiencias con el Programa Territorial Integrado (PTI CORFO) de Log\u00edstica de la Regi\u00f3n de Antofagasta.<\/p>\n<p>La secretaria de Relaciones Institucionales e Internacionales,<strong>\u00a0Constanza Figueroa Jer\u00e9z<\/strong>, junto al intendente de General G\u00fcemes, Carlos Rosso, recibieron a la delegaci\u00f3n chilena, integrada por representantes del Gobierno Regional de Antofagasta, de las municipalidades de Antofagasta y Sierra Gorda, de la Unidad Regional de Asuntos Internacionales, del sector empresarial y del \u00e1mbito acad\u00e9mico.<\/p>\n<p>Durante la jornada, se realizaron presentaciones institucionales, recorridos por infraestructura estrat\u00e9gica del municipio, como el Parque Industrial, el Centro de Desarrollo Empresarial y el Proyecto Nodo Log\u00edstico y exposiciones t\u00e9cnicas, a cargo de referentes del Ministerio de Producci\u00f3n, encabezados por Carlos Mateo, junto al coordinador del Nodo Log\u00edstico, Nicol\u00e1s Sivila.<\/p>\n<p>Por su parte, Figueroa Jer\u00e9z destac\u00f3 que \u201cestamos en condiciones de avanzar en las actividades de cierre del presente proyecto, replicando lo aprendido del proceso de gobernanza y sus buenas pr\u00e1cticas y fortaleciendo una gesti\u00f3n transversal y eficiente del Nodo Log\u00edstico en G\u00fcemes, a partir de las articulaciones p\u00fablico-privadas, acad\u00e9micas y con sectores de la sociedad civil involucrados en la tem\u00e1tica\u201d.<\/p>\n<p>El encuentro representa la fase final del proyecto, orientada a replicar en G\u00fcemes las buenas pr\u00e1cticas y el modelo de articulaci\u00f3n p\u00fablico-privada del Nodo Log\u00edstico de Antofagasta. Se elaborar\u00e1 un documento final que reflejar\u00e1 el proceso de gobernanza local y se evaluar\u00e1n los avances alcanzados.<\/p>\n","protected":false},"excerpt":{"rendered":"<p>El municipio de General G\u00fcemes fue sede de una primera jornada de trabajo, que se complementar\u00e1 con un encuentro con autoridades provinciales y la realizaci\u00f3n de un taller de cooperaci\u00f3n descentralizada. Las actividades se desarrollan, en el marco del proyecto \u201cFortalecimiento Institucional del Municipio de G\u00fcemes como Zona de Actividades Log\u00edsticas\u201d. Del cual participan autoridades [&hellip;]<\/p>\n","protected":false},"author":8,"featured_media":3725,"comment_status":"open","ping_status":"open","sticky":false,"template":"","format":"standard","meta":{"_acf_changed":false,"_relevanssi_hide_post":"","_relevanssi_hide_content":"","_relevanssi_pin_for_all":"","_relevanssi_pin_keywords":"","_relevanssi_unpin_keywords":"","_relevanssi_related_keywords":"","_relevanssi_related_include_ids":"","_relevanssi_related_exclude_ids":"","_relevanssi_related_no_append":"","_relevanssi_related_not_related":"","_relevanssi_related_posts":"","_relevanssi_noindex_reason":"","footnotes":""},"categories":[2],"tags":[159,160],"class_list":["post-3724","post","type-post","status-publish","format-standard","has-post-thumbnail","hentry","category-en-los-medios","tag-chile","tag-salta"],"acf":[],"yoast_head":"<!-- This site is optimized with the Yoast SEO plugin v25.5 - https:\/\/yoast.com\/wordpress\/plugins\/seo\/ -->\n<title><\/title>\n<meta name=\"robots\" content=\"index, follow, max-snippet:-1, max-image-preview:large, max-video-preview:-1\" \/>\n<link rel=\"canonical\" href=\"https:\/\/corredorbioceanico.org\/salta-y-chile-avanzan-en-la-integracion-logistica\/\" \/>\n<meta property=\"og:locale\" content=\"en_US\" \/>\n<meta property=\"og:type\" content=\"article\" \/>\n<meta property=\"og:title\" content=\"[:es]Salta y Chile avanzan en la integraci\u00f3n log\u00edstica[:] - Corredor Bioce\u00e1nico de Capricornio\" \/>\n<meta property=\"og:description\" content=\"El municipio de General G\u00fcemes fue sede de una primera jornada de trabajo, que se complementar\u00e1 con un encuentro con autoridades provinciales y la realizaci\u00f3n de un taller de cooperaci\u00f3n descentralizada. Las actividades se desarrollan, en el marco del proyecto \u201cFortalecimiento Institucional del Municipio de G\u00fcemes como Zona de Actividades Log\u00edsticas\u201d. Del cual participan autoridades [&hellip;]\" \/>\n<meta property=\"og:url\" content=\"https:\/\/corredorbioceanico.org\/salta-y-chile-avanzan-en-la-integracion-logistica\/\" \/>\n<meta property=\"og:site_name\" content=\"Corredor Bioce\u00e1nico de Capricornio\" \/>\n<meta property=\"article:published_time\" content=\"2025-04-22T18:12:20+00:00\" \/>\n<meta property=\"article:modified_time\" content=\"2025-04-30T18:12:28+00:00\" \/>\n<meta property=\"og:image\" content=\"https:\/\/corredorbioceanico.org\/cms\/wp-content\/uploads\/2025\/04\/2025-04-22-Salta-Chile.jpg\" \/>\n\t<meta property=\"og:image:width\" content=\"1066\" \/>\n\t<meta property=\"og:image:height\" content=\"600\" \/>\n\t<meta property=\"og:image:type\" content=\"image\/jpeg\" \/>\n<meta name=\"author\" content=\"Federico\" \/>\n<meta name=\"twitter:card\" content=\"summary_large_image\" \/>\n<meta name=\"twitter:label1\" content=\"Written by\" \/>\n\t<meta name=\"twitter:data1\" content=\"Federico\" \/>\n\t<meta name=\"twitter:label2\" content=\"Est. reading time\" \/>\n\t<meta name=\"twitter:data2\" content=\"2 minutes\" \/>\n<script type=\"application\/ld+json\" class=\"yoast-schema-graph\">{\"@context\":\"https:\/\/schema.org\",\"@graph\":[{\"@type\":\"Article\",\"@id\":\"https:\/\/corredorbioceanico.org\/salta-y-chile-avanzan-en-la-integracion-logistica\/#article\",\"isPartOf\":{\"@id\":\"https:\/\/corredorbioceanico.org\/salta-y-chile-avanzan-en-la-integracion-logistica\/\"},\"author\":{\"name\":\"Federico\",\"@id\":\"https:\/\/corredorbioceanico.org\/es\/#\/schema\/person\/0b9d063110b433ea33c27fd62da0937d\"},\"headline\":\"(ES) Salta y Chile avanzan en la integraci\u00f3n log\u00edstica\",\"datePublished\":\"2025-04-22T18:12:20+00:00\",\"dateModified\":\"2025-04-30T18:12:28+00:00\",\"mainEntityOfPage\":{\"@id\":\"https:\/\/corredorbioceanico.org\/salta-y-chile-avanzan-en-la-integracion-logistica\/\"},\"wordCount\":388,\"commentCount\":0,\"publisher\":{\"@id\":\"https:\/\/corredorbioceanico.org\/es\/#organization\"},\"image\":{\"@id\":\"https:\/\/corredorbioceanico.org\/salta-y-chile-avanzan-en-la-integracion-logistica\/#primaryimage\"},\"thumbnailUrl\":\"https:\/\/corredorbioceanico.org\/cms\/wp-content\/uploads\/2025\/04\/2025-04-22-Salta-Chile.jpg\",\"keywords\":[\"Chile\",\"Salta\"],\"articleSection\":[\"In the Media\"],\"inLanguage\":\"en-US\",\"potentialAction\":[{\"@type\":\"CommentAction\",\"name\":\"Comment\",\"target\":[\"https:\/\/corredorbioceanico.org\/salta-y-chile-avanzan-en-la-integracion-logistica\/#respond\"]}]},{\"@type\":\"WebPage\",\"@id\":\"https:\/\/corredorbioceanico.org\/salta-y-chile-avanzan-en-la-integracion-logistica\/\",\"url\":\"https:\/\/corredorbioceanico.org\/salta-y-chile-avanzan-en-la-integracion-logistica\/\",\"name\":\"[:es]Salta y Chile avanzan en la integraci\u00f3n log\u00edstica[:] - Corredor Bioce\u00e1nico de Capricornio\",\"isPartOf\":{\"@id\":\"https:\/\/corredorbioceanico.org\/es\/#website\"},\"primaryImageOfPage\":{\"@id\":\"https:\/\/corredorbioceanico.org\/salta-y-chile-avanzan-en-la-integracion-logistica\/#primaryimage\"},\"image\":{\"@id\":\"https:\/\/corredorbioceanico.org\/salta-y-chile-avanzan-en-la-integracion-logistica\/#primaryimage\"},\"thumbnailUrl\":\"https:\/\/corredorbioceanico.org\/cms\/wp-content\/uploads\/2025\/04\/2025-04-22-Salta-Chile.jpg\",\"datePublished\":\"2025-04-22T18:12:20+00:00\",\"dateModified\":\"2025-04-30T18:12:28+00:00\",\"breadcrumb\":{\"@id\":\"https:\/\/corredorbioceanico.org\/salta-y-chile-avanzan-en-la-integracion-logistica\/#breadcrumb\"},\"inLanguage\":\"en-US\",\"potentialAction\":[{\"@type\":\"ReadAction\",\"target\":[\"https:\/\/corredorbioceanico.org\/salta-y-chile-avanzan-en-la-integracion-logistica\/\"]}]},{\"@type\":\"ImageObject\",\"inLanguage\":\"en-US\",\"@id\":\"https:\/\/corredorbioceanico.org\/salta-y-chile-avanzan-en-la-integracion-logistica\/#primaryimage\",\"url\":\"https:\/\/corredorbioceanico.org\/cms\/wp-content\/uploads\/2025\/04\/2025-04-22-Salta-Chile.jpg\",\"contentUrl\":\"https:\/\/corredorbioceanico.org\/cms\/wp-content\/uploads\/2025\/04\/2025-04-22-Salta-Chile.jpg\",\"width\":1066,\"height\":600},{\"@type\":\"BreadcrumbList\",\"@id\":\"https:\/\/corredorbioceanico.org\/salta-y-chile-avanzan-en-la-integracion-logistica\/#breadcrumb\",\"itemListElement\":[{\"@type\":\"ListItem\",\"position\":1,\"name\":\"Portada\",\"item\":\"https:\/\/corredorbioceanico.org\/es\/\"},{\"@type\":\"ListItem\",\"position\":2,\"name\":\"Salta y Chile avanzan en la integraci\u00f3n log\u00edstica\"}]},{\"@type\":\"WebSite\",\"@id\":\"https:\/\/corredorbioceanico.org\/es\/#website\",\"url\":\"https:\/\/corredorbioceanico.org\/es\/\",\"name\":\"Corredor Bioce\u00e1nico de Capricornio\",\"description\":\"Sitio Web del Corredor Bioce\u00e1nico de Capricornio\",\"publisher\":{\"@id\":\"https:\/\/corredorbioceanico.org\/es\/#organization\"},\"potentialAction\":[{\"@type\":\"SearchAction\",\"target\":{\"@type\":\"EntryPoint\",\"urlTemplate\":\"https:\/\/corredorbioceanico.org\/es\/?s={search_term_string}\"},\"query-input\":{\"@type\":\"PropertyValueSpecification\",\"valueRequired\":true,\"valueName\":\"search_term_string\"}}],\"inLanguage\":\"en-US\"},{\"@type\":\"Organization\",\"@id\":\"https:\/\/corredorbioceanico.org\/es\/#organization\",\"name\":\"Corredor Bioce\u00e1nico de Capricornio\",\"url\":\"https:\/\/corredorbioceanico.org\/es\/\",\"logo\":{\"@type\":\"ImageObject\",\"inLanguage\":\"en-US\",\"@id\":\"https:\/\/corredorbioceanico.org\/es\/#\/schema\/logo\/image\/\",\"url\":\"https:\/\/corredorbioceanico.org\/cms\/wp-content\/uploads\/2025\/02\/CBC_ID_WEB_1B.png\",\"contentUrl\":\"https:\/\/corredorbioceanico.org\/cms\/wp-content\/uploads\/2025\/02\/CBC_ID_WEB_1B.png\",\"width\":652,\"height\":200,\"caption\":\"Corredor Bioce\u00e1nico de Capricornio\"},\"image\":{\"@id\":\"https:\/\/corredorbioceanico.org\/es\/#\/schema\/logo\/image\/\"}},{\"@type\":\"Person\",\"@id\":\"https:\/\/corredorbioceanico.org\/es\/#\/schema\/person\/0b9d063110b433ea33c27fd62da0937d\",\"name\":\"Federico\",\"image\":{\"@type\":\"ImageObject\",\"inLanguage\":\"en-US\",\"@id\":\"https:\/\/corredorbioceanico.org\/es\/#\/schema\/person\/image\/\",\"url\":\"https:\/\/secure.gravatar.com\/avatar\/4e0b49457d6078570c5e66c647b6a30f?s=96&d=mm&r=g\",\"contentUrl\":\"https:\/\/secure.gravatar.com\/avatar\/4e0b49457d6078570c5e66c647b6a30f?s=96&d=mm&r=g\",\"caption\":\"Federico\"},\"url\":\"https:\/\/corredorbioceanico.org\/en\/author\/federicomiadb-org\/\"}]}<\/script>\n<!-- \/ Yoast SEO plugin. -->","yoast_head_json":{"title":"[:es]Salta y Chile avanzan en la integraci\u00f3n log\u00edstica[:] - Corredor Bioce\u00e1nico de Capricornio","robots":{"index":"index","follow":"follow","max-snippet":"max-snippet:-1","max-image-preview":"max-image-preview:large","max-video-preview":"max-video-preview:-1"},"canonical":"https:\/\/corredorbioceanico.org\/salta-y-chile-avanzan-en-la-integracion-logistica\/","og_locale":"en_US","og_type":"article","og_title":"[:es]Salta y Chile avanzan en la integraci\u00f3n log\u00edstica[:] - Corredor Bioce\u00e1nico de Capricornio","og_description":"El municipio de General G\u00fcemes fue sede de una primera jornada de trabajo, que se complementar\u00e1 con un encuentro con autoridades provinciales y la realizaci\u00f3n de un taller de cooperaci\u00f3n descentralizada. Las actividades se desarrollan, en el marco del proyecto \u201cFortalecimiento Institucional del Municipio de G\u00fcemes como Zona de Actividades Log\u00edsticas\u201d. Del cual participan autoridades [&hellip;]","og_url":"https:\/\/corredorbioceanico.org\/salta-y-chile-avanzan-en-la-integracion-logistica\/","og_site_name":"Corredor Bioce\u00e1nico de Capricornio","article_published_time":"2025-04-22T18:12:20+00:00","article_modified_time":"2025-04-30T18:12:28+00:00","og_image":[{"width":1066,"height":600,"url":"https:\/\/corredorbioceanico.org\/cms\/wp-content\/uploads\/2025\/04\/2025-04-22-Salta-Chile.jpg","type":"image\/jpeg"}],"author":"Federico","twitter_card":"summary_large_image","twitter_misc":{"Written by":"Federico","Est. reading time":"2 minutes"},"schema":{"@context":"https:\/\/schema.org","@graph":[{"@type":"Article","@id":"https:\/\/corredorbioceanico.org\/salta-y-chile-avanzan-en-la-integracion-logistica\/#article","isPartOf":{"@id":"https:\/\/corredorbioceanico.org\/salta-y-chile-avanzan-en-la-integracion-logistica\/"},"author":{"name":"Federico","@id":"https:\/\/corredorbioceanico.org\/es\/#\/schema\/person\/0b9d063110b433ea33c27fd62da0937d"},"headline":"(ES) Salta y Chile avanzan en la integraci\u00f3n log\u00edstica","datePublished":"2025-04-22T18:12:20+00:00","dateModified":"2025-04-30T18:12:28+00:00","mainEntityOfPage":{"@id":"https:\/\/corredorbioceanico.org\/salta-y-chile-avanzan-en-la-integracion-logistica\/"},"wordCount":388,"commentCount":0,"publisher":{"@id":"https:\/\/corredorbioceanico.org\/es\/#organization"},"image":{"@id":"https:\/\/corredorbioceanico.org\/salta-y-chile-avanzan-en-la-integracion-logistica\/#primaryimage"},"thumbnailUrl":"https:\/\/corredorbioceanico.org\/cms\/wp-content\/uploads\/2025\/04\/2025-04-22-Salta-Chile.jpg","keywords":["Chile","Salta"],"articleSection":["In the Media"],"inLanguage":"en-US","potentialAction":[{"@type":"CommentAction","name":"Comment","target":["https:\/\/corredorbioceanico.org\/salta-y-chile-avanzan-en-la-integracion-logistica\/#respond"]}]},{"@type":"WebPage","@id":"https:\/\/corredorbioceanico.org\/salta-y-chile-avanzan-en-la-integracion-logistica\/","url":"https:\/\/corredorbioceanico.org\/salta-y-chile-avanzan-en-la-integracion-logistica\/","name":"[:es]Salta y Chile avanzan en la integraci\u00f3n log\u00edstica[:] - Corredor Bioce\u00e1nico de Capricornio","isPartOf":{"@id":"https:\/\/corredorbioceanico.org\/es\/#website"},"primaryImageOfPage":{"@id":"https:\/\/corredorbioceanico.org\/salta-y-chile-avanzan-en-la-integracion-logistica\/#primaryimage"},"image":{"@id":"https:\/\/corredorbioceanico.org\/salta-y-chile-avanzan-en-la-integracion-logistica\/#primaryimage"},"thumbnailUrl":"https:\/\/corredorbioceanico.org\/cms\/wp-content\/uploads\/2025\/04\/2025-04-22-Salta-Chile.jpg","datePublished":"2025-04-22T18:12:20+00:00","dateModified":"2025-04-30T18:12:28+00:00","breadcrumb":{"@id":"https:\/\/corredorbioceanico.org\/salta-y-chile-avanzan-en-la-integracion-logistica\/#breadcrumb"},"inLanguage":"en-US","potentialAction":[{"@type":"ReadAction","target":["https:\/\/corredorbioceanico.org\/salta-y-chile-avanzan-en-la-integracion-logistica\/"]}]},{"@type":"ImageObject","inLanguage":"en-US","@id":"https:\/\/corredorbioceanico.org\/salta-y-chile-avanzan-en-la-integracion-logistica\/#primaryimage","url":"https:\/\/corredorbioceanico.org\/cms\/wp-content\/uploads\/2025\/04\/2025-04-22-Salta-Chile.jpg","contentUrl":"https:\/\/corredorbioceanico.org\/cms\/wp-content\/uploads\/2025\/04\/2025-04-22-Salta-Chile.jpg","width":1066,"height":600},{"@type":"BreadcrumbList","@id":"https:\/\/corredorbioceanico.org\/salta-y-chile-avanzan-en-la-integracion-logistica\/#breadcrumb","itemListElement":[{"@type":"ListItem","position":1,"name":"Portada","item":"https:\/\/corredorbioceanico.org\/es\/"},{"@type":"ListItem","position":2,"name":"Salta y Chile avanzan en la integraci\u00f3n log\u00edstica"}]},{"@type":"WebSite","@id":"https:\/\/corredorbioceanico.org\/es\/#website","url":"https:\/\/corredorbioceanico.org\/es\/","name":"Corredor Bioce\u00e1nico de Capricornio","description":"Sitio Web del Corredor Bioce\u00e1nico de Capricornio","publisher":{"@id":"https:\/\/corredorbioceanico.org\/es\/#organization"},"potentialAction":[{"@type":"SearchAction","target":{"@type":"EntryPoint","urlTemplate":"https:\/\/corredorbioceanico.org\/es\/?s={search_term_string}"},"query-input":{"@type":"PropertyValueSpecification","valueRequired":true,"valueName":"search_term_string"}}],"inLanguage":"en-US"},{"@type":"Organization","@id":"https:\/\/corredorbioceanico.org\/es\/#organization","name":"Corredor Bioce\u00e1nico de Capricornio","url":"https:\/\/corredorbioceanico.org\/es\/","logo":{"@type":"ImageObject","inLanguage":"en-US","@id":"https:\/\/corredorbioceanico.org\/es\/#\/schema\/logo\/image\/","url":"https:\/\/corredorbioceanico.org\/cms\/wp-content\/uploads\/2025\/02\/CBC_ID_WEB_1B.png","contentUrl":"https:\/\/corredorbioceanico.org\/cms\/wp-content\/uploads\/2025\/02\/CBC_ID_WEB_1B.png","width":652,"height":200,"caption":"Corredor Bioce\u00e1nico de Capricornio"},"image":{"@id":"https:\/\/corredorbioceanico.org\/es\/#\/schema\/logo\/image\/"}},{"@type":"Person","@id":"https:\/\/corredorbioceanico.org\/es\/#\/schema\/person\/0b9d063110b433ea33c27fd62da0937d","name":"Federico","image":{"@type":"ImageObject","inLanguage":"en-US","@id":"https:\/\/corredorbioceanico.org\/es\/#\/schema\/person\/image\/","url":"https:\/\/secure.gravatar.com\/avatar\/4e0b49457d6078570c5e66c647b6a30f?s=96&d=mm&r=g","contentUrl":"https:\/\/secure.gravatar.com\/avatar\/4e0b49457d6078570c5e66c647b6a30f?s=96&d=mm&r=g","caption":"Federico"},"url":"https:\/\/corredorbioceanico.org\/en\/author\/federicomiadb-org\/"}]}},"_links":{"self":[{"href":"https:\/\/corredorbioceanico.org\/en\/wp-json\/wp\/v2\/posts\/3724","targetHints":{"allow":["GET"]}}],"collection":[{"href":"https:\/\/corredorbioceanico.org\/en\/wp-json\/wp\/v2\/posts"}],"about":[{"href":"https:\/\/corredorbioceanico.org\/en\/wp-json\/wp\/v2\/types\/post"}],"author":[{"embeddable":true,"href":"https:\/\/corredorbioceanico.org\/en\/wp-json\/wp\/v2\/users\/8"}],"replies":[{"embeddable":true,"href":"https:\/\/corredorbioceanico.org\/en\/wp-json\/wp\/v2\/comments?post=3724"}],"version-history":[{"count":1,"href":"https:\/\/corredorbioceanico.org\/en\/wp-json\/wp\/v2\/posts\/3724\/revisions"}],"predecessor-version":[{"id":3726,"href":"https:\/\/corredorbioceanico.org\/en\/wp-json\/wp\/v2\/posts\/3724\/revisions\/3726"}],"wp:featuredmedia":[{"embeddable":true,"href":"https:\/\/corredorbioceanico.org\/en\/wp-json\/wp\/v2\/media\/3725"}],"wp:attachment":[{"href":"https:\/\/corredorbioceanico.org\/en\/wp-json\/wp\/v2\/media?parent=3724"}],"wp:term":[{"taxonomy":"category","embeddable":true,"href":"https:\/\/corredorbioceanico.org\/en\/wp-json\/wp\/v2\/categories?post=3724"},{"taxonomy":"post_tag","embeddable":true,"href":"https:\/\/corredorbioceanico.org\/en\/wp-json\/wp\/v2\/tags?post=3724"}],"curies":[{"name":"wp","href":"https:\/\/api.w.org\/{rel}","templated":true}]}}