{"id":2929,"date":"2023-11-23T15:01:48","date_gmt":"2023-11-23T18:01:48","guid":{"rendered":"https:\/\/corredorbioceanico.org\/?p=2929"},"modified":"2024-12-05T20:53:21","modified_gmt":"2024-12-05T23:53:21","slug":"se-realizo-el-iv-foro-de-integracion-del-corredor-bioceanico-de-capricornio-en-iquique","status":"publish","type":"post","link":"https:\/\/corredorbioceanico.org\/es\/se-realizo-el-iv-foro-de-integracion-del-corredor-bioceanico-de-capricornio-en-iquique\/","title":{"rendered":"Se realiz\u00f3 el IV Foro de Integraci\u00f3n del Corredor Bioce\u00e1nico  de Capricornio en Iquique"},"content":{"rendered":"<p><span style=\"font-weight: 400;\">IQUIQUE (TARAPAC\u00c1-CHILE) &#8211; El IV Foro de Integraci\u00f3n del Corredor Bioce\u00e1nico de Capricornio (CBC) se celebr\u00f3 exitosamente en la ciudad de Iquique, Chile, entre el 27 y 28 de noviembre. Los Gobernadores y representantes presentes destacaron la constituci\u00f3n en este IV Foro de la Comisi\u00f3n de Sostenibilidad y la Comisi\u00f3n de Participaci\u00f3n ciudadana, con Perspectiva de G\u00e9nero y Pueblos Originarios, como un avance en estrat\u00e9gico y social del desarrollo del corredor Bioce\u00e1nico de Capricornio.\u00a0<\/span><\/p>\n<p><span style=\"font-weight: 400;\">Presidido por Jos\u00e9 Miguel Carvajal Gallardo, Gobernador Regional de Tarapac\u00e1, los gobernadores y representantes de los estados subnacionales consagraron y ratificaron su compromiso de fortalecer el Corredor Bioce\u00e1nico Capricornio, desde sus territorios, como un catalizador de la integraci\u00f3n regional que promueve el desarrollo sostenible y la conectividad entre los estados participantes, como una oportunidad de generar una mejora de calidad de vida de sus habitantes.\u00a0<\/span><\/p>\n<p><span style=\"font-weight: 400;\">A lo largo del evento, se felicit\u00f3 la iniciativa del BID, que desarrollan Salta, Antofagasta, Mato Grosso do Sul y Boquer\u00f3n, para lo cual se hicieron consultas a los representantes del BID Leonardo Diniz y la encargada del Plan Maestro Alejandra Rald, que contempla un plan de acci\u00f3n que incluye el fortalecimiento de la gesti\u00f3n gubernamental y la infraestructura, tanto f\u00edsica como digital. Adem\u00e1s, se reconoci\u00f3 la importancia del sector privado en el desarrollo del Corredor y se destac\u00f3 el trabajo previo con actores privados, abriendo la puerta a futuras colaboraciones.\u00a0<\/span><\/p>\n<h3>Creaci\u00f3n de la Comisi\u00f3n Ejecutiva<\/h3>\n<p><span style=\"font-weight: 400;\">Los siete Gobiernos regionales presentes acordaron la creaci\u00f3n de una \u00abComisi\u00f3n Ejecutiva\u00bb, para lo cual designaron un profesional por cada Estado Subnacional, con el objetivo de que\u00a0 dicha comisi\u00f3n genere el dinamismo del Corredor, desarrolle un trabajo de an\u00e1lisis y propuestas para continuar avanzando en la institucionalidad de las reuniones de los Gobernadores Regionales de los Estados Subnacionales y articule el trabajo t\u00e9cnico de las distintas comisiones.\u00a0<\/span><\/p>\n<p><span style=\"font-weight: 400;\">Precisamente, durante el evento se reunieron en forma individual las diversas comisiones de trabajo, que fueron:<\/span><\/p>\n<ul>\n<li style=\"font-weight: 400;\" aria-level=\"1\"><span style=\"font-weight: 400;\">Participaci\u00f3n Ciudadana con enfoque de g\u00e9nero y pueblos originarios<\/span><\/li>\n<li style=\"font-weight: 400;\" aria-level=\"1\"><span style=\"font-weight: 400;\">Comisi\u00f3n de Turismo<\/span><\/li>\n<li style=\"font-weight: 400;\" aria-level=\"1\"><span style=\"font-weight: 400;\">Comisi\u00f3n de Sustentabilidad<\/span><\/li>\n<li style=\"font-weight: 400;\" aria-level=\"1\"><span style=\"font-weight: 400;\">Comisi\u00f3n de Academia<\/span><\/li>\n<li style=\"font-weight: 400;\" aria-level=\"1\"><span style=\"font-weight: 400;\">Comisi\u00f3n de Obras P\u00fablicas, Log\u00edstica y Transporte<\/span><\/li>\n<li style=\"font-weight: 400;\" aria-level=\"1\"><span style=\"font-weight: 400;\">Comisi\u00f3n de Comercio y Procedimientos de Frontera<\/span><\/li>\n<li style=\"font-weight: 400;\" aria-level=\"1\"><span style=\"font-weight: 400;\">Comisi\u00f3n de Municipios<\/span><\/li>\n<\/ul>\n<p><span style=\"font-weight: 400;\">Como conclusi\u00f3n del IV Foro, el Corredor Bioce\u00e1nico de Capricornio se establece como un pilar de cooperaci\u00f3n y desarrollo, reforzando el compromiso de mejorar la infraestructura, la gobernanza y la integraci\u00f3n entre las naciones. Este Foro marca un avance significativo en la integraci\u00f3n regional, sentando las bases para una colaboraci\u00f3n duradera y una visi\u00f3n com\u00fan de crecimiento y progreso.\u00a0<\/span><\/p>\n<p><span style=\"font-weight: 400;\">El V Foro est\u00e1 previsto para el primer semestre de 2024 en Alto Paraguay y Boquer\u00f3n, Paraguay.\u00a0<\/span><\/p>","protected":false},"excerpt":{"rendered":"<p>IQUIQUE (TARAPAC\u00c1-CHILE) &#8211; El IV Foro de Integraci\u00f3n del Corredor Bioce\u00e1nico de Capricornio (CBC) se celebr\u00f3 exitosamente en la ciudad de Iquique, Chile, entre el 27 y 28 de noviembre. Los Gobernadores y representantes presentes destacaron la constituci\u00f3n en este IV Foro de la Comisi\u00f3n de Sostenibilidad y la Comisi\u00f3n de Participaci\u00f3n ciudadana, con Perspectiva [&hellip;]<\/p>\n","protected":false},"author":1,"featured_media":2938,"comment_status":"open","ping_status":"open","sticky":false,"template":"","format":"standard","meta":{"_acf_changed":false,"_relevanssi_hide_post":"","_relevanssi_hide_content":"","_relevanssi_pin_for_all":"","_relevanssi_pin_keywords":"","_relevanssi_unpin_keywords":"","_relevanssi_related_keywords":"","_relevanssi_related_include_ids":"","_relevanssi_related_exclude_ids":"","_relevanssi_related_no_append":"","_relevanssi_related_not_related":"","_relevanssi_related_posts":"","_relevanssi_noindex_reason":"","footnotes":""},"categories":[1],"tags":[],"class_list":["post-2929","post","type-post","status-publish","format-standard","has-post-thumbnail","hentry","category-comunicados-de-prensa"],"acf":[],"yoast_head":"<!-- This site is optimized with the Yoast SEO plugin v25.5 - https:\/\/yoast.com\/wordpress\/plugins\/seo\/ -->\n<title>Se realiz\u00f3 el IV Foro de Integraci\u00f3n del Corredor Bioce\u00e1nico de Capricornio en Iquique - Corredor Bioce\u00e1nico de Capricornio<\/title>\n<meta name=\"robots\" content=\"index, follow, max-snippet:-1, max-image-preview:large, max-video-preview:-1\" \/>\n<link rel=\"canonical\" href=\"https:\/\/corredorbioceanico.org\/en\/se-realizo-el-iv-foro-de-integracion-del-corredor-bioceanico-de-capricornio-en-iquique\/\" \/>\n<meta property=\"og:locale\" content=\"es_ES\" \/>\n<meta property=\"og:type\" content=\"article\" \/>\n<meta property=\"og:title\" content=\"[:es]Se realiz\u00f3 el IV Foro de Integraci\u00f3n del Corredor Bioce\u00e1nico de Capricornio en Iquique[:pb]Realizou-se o IV F\u00f3rum de Integra\u00e7\u00e3o do Corredor Bioce\u00e2nico de Capric\u00f3rnio em Iquique[:en]The IV Integration Forum of the Capricorn Bioceanic Corridor was held in Iquique[:] - Corredor Bioce\u00e1nico de Capricornio\" \/>\n<meta property=\"og:description\" content=\"IQUIQUE (TARAPAC\u00c1-CHILE) &#8211; El IV Foro de Integraci\u00f3n del Corredor Bioce\u00e1nico de Capricornio (CBC) se celebr\u00f3 exitosamente en la ciudad de Iquique, Chile, entre el 27 y 28 de noviembre. Los Gobernadores y representantes presentes destacaron la constituci\u00f3n en este IV Foro de la Comisi\u00f3n de Sostenibilidad y la Comisi\u00f3n de Participaci\u00f3n ciudadana, con Perspectiva [&hellip;]\" \/>\n<meta property=\"og:url\" content=\"https:\/\/corredorbioceanico.org\/en\/se-realizo-el-iv-foro-de-integracion-del-corredor-bioceanico-de-capricornio-en-iquique\/\" \/>\n<meta property=\"og:site_name\" content=\"Corredor Bioce\u00e1nico de Capricornio\" \/>\n<meta property=\"article:published_time\" content=\"2023-11-23T18:01:48+00:00\" \/>\n<meta property=\"article:modified_time\" content=\"2024-12-05T23:53:21+00:00\" \/>\n<meta property=\"og:image\" content=\"https:\/\/corredorbioceanico.org\/cms\/wp-content\/uploads\/2024\/11\/4-Foro-Corredor-Bioceanico-Iquique.png\" \/>\n\t<meta property=\"og:image:width\" content=\"800\" \/>\n\t<meta property=\"og:image:height\" content=\"800\" \/>\n\t<meta property=\"og:image:type\" content=\"image\/png\" \/>\n<meta name=\"author\" content=\"info@portable.cl\" \/>\n<meta name=\"twitter:card\" content=\"summary_large_image\" \/>\n<meta name=\"twitter:label1\" content=\"Escrito por\" \/>\n\t<meta name=\"twitter:data1\" content=\"info@portable.cl\" \/>\n\t<meta name=\"twitter:label2\" content=\"Tiempo de lectura\" \/>\n\t<meta name=\"twitter:data2\" content=\"7 minutos\" \/>\n<script type=\"application\/ld+json\" class=\"yoast-schema-graph\">{\"@context\":\"https:\/\/schema.org\",\"@graph\":[{\"@type\":\"Article\",\"@id\":\"https:\/\/corredorbioceanico.org\/en\/se-realizo-el-iv-foro-de-integracion-del-corredor-bioceanico-de-capricornio-en-iquique\/#article\",\"isPartOf\":{\"@id\":\"https:\/\/corredorbioceanico.org\/en\/se-realizo-el-iv-foro-de-integracion-del-corredor-bioceanico-de-capricornio-en-iquique\/\"},\"author\":{\"name\":\"info@portable.cl\",\"@id\":\"https:\/\/corredorbioceanico.org\/es\/#\/schema\/person\/a690256ae37b47c6587b6f733bbc7d43\"},\"headline\":\"Se realiz\u00f3 el IV Foro de Integraci\u00f3n del Corredor Bioce\u00e1nico de Capricornio en Iquique\",\"datePublished\":\"2023-11-23T18:01:48+00:00\",\"dateModified\":\"2024-12-05T23:53:21+00:00\",\"mainEntityOfPage\":{\"@id\":\"https:\/\/corredorbioceanico.org\/en\/se-realizo-el-iv-foro-de-integracion-del-corredor-bioceanico-de-capricornio-en-iquique\/\"},\"wordCount\":1385,\"commentCount\":0,\"publisher\":{\"@id\":\"https:\/\/corredorbioceanico.org\/es\/#organization\"},\"image\":{\"@id\":\"https:\/\/corredorbioceanico.org\/en\/se-realizo-el-iv-foro-de-integracion-del-corredor-bioceanico-de-capricornio-en-iquique\/#primaryimage\"},\"thumbnailUrl\":\"https:\/\/corredorbioceanico.org\/cms\/wp-content\/uploads\/2024\/11\/4-Foro-Corredor-Bioceanico-Iquique.png\",\"articleSection\":[\"Comunicados de Prensa\"],\"inLanguage\":\"es\",\"potentialAction\":[{\"@type\":\"CommentAction\",\"name\":\"Comment\",\"target\":[\"https:\/\/corredorbioceanico.org\/en\/se-realizo-el-iv-foro-de-integracion-del-corredor-bioceanico-de-capricornio-en-iquique\/#respond\"]}]},{\"@type\":\"WebPage\",\"@id\":\"https:\/\/corredorbioceanico.org\/en\/se-realizo-el-iv-foro-de-integracion-del-corredor-bioceanico-de-capricornio-en-iquique\/\",\"url\":\"https:\/\/corredorbioceanico.org\/en\/se-realizo-el-iv-foro-de-integracion-del-corredor-bioceanico-de-capricornio-en-iquique\/\",\"name\":\"[:es]Se realiz\u00f3 el IV Foro de Integraci\u00f3n del Corredor Bioce\u00e1nico de Capricornio en Iquique[:pb]Realizou-se o IV F\u00f3rum de Integra\u00e7\u00e3o do Corredor Bioce\u00e2nico de Capric\u00f3rnio em Iquique[:en]The IV Integration Forum of the Capricorn Bioceanic Corridor was held in Iquique[:] - Corredor Bioce\u00e1nico de Capricornio\",\"isPartOf\":{\"@id\":\"https:\/\/corredorbioceanico.org\/es\/#website\"},\"primaryImageOfPage\":{\"@id\":\"https:\/\/corredorbioceanico.org\/en\/se-realizo-el-iv-foro-de-integracion-del-corredor-bioceanico-de-capricornio-en-iquique\/#primaryimage\"},\"image\":{\"@id\":\"https:\/\/corredorbioceanico.org\/en\/se-realizo-el-iv-foro-de-integracion-del-corredor-bioceanico-de-capricornio-en-iquique\/#primaryimage\"},\"thumbnailUrl\":\"https:\/\/corredorbioceanico.org\/cms\/wp-content\/uploads\/2024\/11\/4-Foro-Corredor-Bioceanico-Iquique.png\",\"datePublished\":\"2023-11-23T18:01:48+00:00\",\"dateModified\":\"2024-12-05T23:53:21+00:00\",\"breadcrumb\":{\"@id\":\"https:\/\/corredorbioceanico.org\/en\/se-realizo-el-iv-foro-de-integracion-del-corredor-bioceanico-de-capricornio-en-iquique\/#breadcrumb\"},\"inLanguage\":\"es\",\"potentialAction\":[{\"@type\":\"ReadAction\",\"target\":[\"https:\/\/corredorbioceanico.org\/en\/se-realizo-el-iv-foro-de-integracion-del-corredor-bioceanico-de-capricornio-en-iquique\/\"]}]},{\"@type\":\"ImageObject\",\"inLanguage\":\"es\",\"@id\":\"https:\/\/corredorbioceanico.org\/en\/se-realizo-el-iv-foro-de-integracion-del-corredor-bioceanico-de-capricornio-en-iquique\/#primaryimage\",\"url\":\"https:\/\/corredorbioceanico.org\/cms\/wp-content\/uploads\/2024\/11\/4-Foro-Corredor-Bioceanico-Iquique.png\",\"contentUrl\":\"https:\/\/corredorbioceanico.org\/cms\/wp-content\/uploads\/2024\/11\/4-Foro-Corredor-Bioceanico-Iquique.png\",\"width\":800,\"height\":800},{\"@type\":\"BreadcrumbList\",\"@id\":\"https:\/\/corredorbioceanico.org\/en\/se-realizo-el-iv-foro-de-integracion-del-corredor-bioceanico-de-capricornio-en-iquique\/#breadcrumb\",\"itemListElement\":[{\"@type\":\"ListItem\",\"position\":1,\"name\":\"Portada\",\"item\":\"https:\/\/corredorbioceanico.org\/es\/\"},{\"@type\":\"ListItem\",\"position\":2,\"name\":\"The IV Integration Forum of the Capricorn Bioceanic Corridor was held in Iquique\"}]},{\"@type\":\"WebSite\",\"@id\":\"https:\/\/corredorbioceanico.org\/es\/#website\",\"url\":\"https:\/\/corredorbioceanico.org\/es\/\",\"name\":\"Corredor Bioce\u00e1nico de Capricornio\",\"description\":\"Sitio Web del Corredor Bioce\u00e1nico de Capricornio\",\"publisher\":{\"@id\":\"https:\/\/corredorbioceanico.org\/es\/#organization\"},\"potentialAction\":[{\"@type\":\"SearchAction\",\"target\":{\"@type\":\"EntryPoint\",\"urlTemplate\":\"https:\/\/corredorbioceanico.org\/es\/?s={search_term_string}\"},\"query-input\":{\"@type\":\"PropertyValueSpecification\",\"valueRequired\":true,\"valueName\":\"search_term_string\"}}],\"inLanguage\":\"es\"},{\"@type\":\"Organization\",\"@id\":\"https:\/\/corredorbioceanico.org\/es\/#organization\",\"name\":\"Corredor Bioce\u00e1nico de Capricornio\",\"url\":\"https:\/\/corredorbioceanico.org\/es\/\",\"logo\":{\"@type\":\"ImageObject\",\"inLanguage\":\"es\",\"@id\":\"https:\/\/corredorbioceanico.org\/es\/#\/schema\/logo\/image\/\",\"url\":\"https:\/\/corredorbioceanico.org\/cms\/wp-content\/uploads\/2025\/02\/CBC_ID_WEB_1B.png\",\"contentUrl\":\"https:\/\/corredorbioceanico.org\/cms\/wp-content\/uploads\/2025\/02\/CBC_ID_WEB_1B.png\",\"width\":652,\"height\":200,\"caption\":\"Corredor Bioce\u00e1nico de Capricornio\"},\"image\":{\"@id\":\"https:\/\/corredorbioceanico.org\/es\/#\/schema\/logo\/image\/\"}},{\"@type\":\"Person\",\"@id\":\"https:\/\/corredorbioceanico.org\/es\/#\/schema\/person\/a690256ae37b47c6587b6f733bbc7d43\",\"name\":\"info@portable.cl\",\"image\":{\"@type\":\"ImageObject\",\"inLanguage\":\"es\",\"@id\":\"https:\/\/corredorbioceanico.org\/es\/#\/schema\/person\/image\/\",\"url\":\"https:\/\/secure.gravatar.com\/avatar\/3b872948a837a69d7473d7869e5dcf25?s=96&d=mm&r=g\",\"contentUrl\":\"https:\/\/secure.gravatar.com\/avatar\/3b872948a837a69d7473d7869e5dcf25?s=96&d=mm&r=g\",\"caption\":\"info@portable.cl\"},\"url\":\"https:\/\/corredorbioceanico.org\/es\/author\/infoportable-cl\/\"}]}<\/script>\n<!-- \/ Yoast SEO plugin. -->","yoast_head_json":{"title":"[:es]Se realiz\u00f3 el IV Foro de Integraci\u00f3n del Corredor Bioce\u00e1nico de Capricornio en Iquique[:pb]Realizou-se o IV F\u00f3rum de Integra\u00e7\u00e3o do Corredor Bioce\u00e2nico de Capric\u00f3rnio em Iquique[:en]The IV Integration Forum of the Capricorn Bioceanic Corridor was held in Iquique[:] - Corredor Bioce\u00e1nico de Capricornio","robots":{"index":"index","follow":"follow","max-snippet":"max-snippet:-1","max-image-preview":"max-image-preview:large","max-video-preview":"max-video-preview:-1"},"canonical":"https:\/\/corredorbioceanico.org\/en\/se-realizo-el-iv-foro-de-integracion-del-corredor-bioceanico-de-capricornio-en-iquique\/","og_locale":"es_ES","og_type":"article","og_title":"[:es]Se realiz\u00f3 el IV Foro de Integraci\u00f3n del Corredor Bioce\u00e1nico de Capricornio en Iquique[:pb]Realizou-se o IV F\u00f3rum de Integra\u00e7\u00e3o do Corredor Bioce\u00e2nico de Capric\u00f3rnio em Iquique[:en]The IV Integration Forum of the Capricorn Bioceanic Corridor was held in Iquique[:] - Corredor Bioce\u00e1nico de Capricornio","og_description":"IQUIQUE (TARAPAC\u00c1-CHILE) &#8211; El IV Foro de Integraci\u00f3n del Corredor Bioce\u00e1nico de Capricornio (CBC) se celebr\u00f3 exitosamente en la ciudad de Iquique, Chile, entre el 27 y 28 de noviembre. Los Gobernadores y representantes presentes destacaron la constituci\u00f3n en este IV Foro de la Comisi\u00f3n de Sostenibilidad y la Comisi\u00f3n de Participaci\u00f3n ciudadana, con Perspectiva [&hellip;]","og_url":"https:\/\/corredorbioceanico.org\/en\/se-realizo-el-iv-foro-de-integracion-del-corredor-bioceanico-de-capricornio-en-iquique\/","og_site_name":"Corredor Bioce\u00e1nico de Capricornio","article_published_time":"2023-11-23T18:01:48+00:00","article_modified_time":"2024-12-05T23:53:21+00:00","og_image":[{"width":800,"height":800,"url":"https:\/\/corredorbioceanico.org\/cms\/wp-content\/uploads\/2024\/11\/4-Foro-Corredor-Bioceanico-Iquique.png","type":"image\/png"}],"author":"info@portable.cl","twitter_card":"summary_large_image","twitter_misc":{"Escrito por":"info@portable.cl","Tiempo de lectura":"7 minutos"},"schema":{"@context":"https:\/\/schema.org","@graph":[{"@type":"Article","@id":"https:\/\/corredorbioceanico.org\/en\/se-realizo-el-iv-foro-de-integracion-del-corredor-bioceanico-de-capricornio-en-iquique\/#article","isPartOf":{"@id":"https:\/\/corredorbioceanico.org\/en\/se-realizo-el-iv-foro-de-integracion-del-corredor-bioceanico-de-capricornio-en-iquique\/"},"author":{"name":"info@portable.cl","@id":"https:\/\/corredorbioceanico.org\/es\/#\/schema\/person\/a690256ae37b47c6587b6f733bbc7d43"},"headline":"Se realiz\u00f3 el IV Foro de Integraci\u00f3n del Corredor Bioce\u00e1nico de Capricornio en Iquique","datePublished":"2023-11-23T18:01:48+00:00","dateModified":"2024-12-05T23:53:21+00:00","mainEntityOfPage":{"@id":"https:\/\/corredorbioceanico.org\/en\/se-realizo-el-iv-foro-de-integracion-del-corredor-bioceanico-de-capricornio-en-iquique\/"},"wordCount":1385,"commentCount":0,"publisher":{"@id":"https:\/\/corredorbioceanico.org\/es\/#organization"},"image":{"@id":"https:\/\/corredorbioceanico.org\/en\/se-realizo-el-iv-foro-de-integracion-del-corredor-bioceanico-de-capricornio-en-iquique\/#primaryimage"},"thumbnailUrl":"https:\/\/corredorbioceanico.org\/cms\/wp-content\/uploads\/2024\/11\/4-Foro-Corredor-Bioceanico-Iquique.png","articleSection":["Comunicados de Prensa"],"inLanguage":"es","potentialAction":[{"@type":"CommentAction","name":"Comment","target":["https:\/\/corredorbioceanico.org\/en\/se-realizo-el-iv-foro-de-integracion-del-corredor-bioceanico-de-capricornio-en-iquique\/#respond"]}]},{"@type":"WebPage","@id":"https:\/\/corredorbioceanico.org\/en\/se-realizo-el-iv-foro-de-integracion-del-corredor-bioceanico-de-capricornio-en-iquique\/","url":"https:\/\/corredorbioceanico.org\/en\/se-realizo-el-iv-foro-de-integracion-del-corredor-bioceanico-de-capricornio-en-iquique\/","name":"[:es]Se realiz\u00f3 el IV Foro de Integraci\u00f3n del Corredor Bioce\u00e1nico de Capricornio en Iquique[:pb]Realizou-se o IV F\u00f3rum de Integra\u00e7\u00e3o do Corredor Bioce\u00e2nico de Capric\u00f3rnio em Iquique[:en]The IV Integration Forum of the Capricorn Bioceanic Corridor was held in Iquique[:] - Corredor Bioce\u00e1nico de Capricornio","isPartOf":{"@id":"https:\/\/corredorbioceanico.org\/es\/#website"},"primaryImageOfPage":{"@id":"https:\/\/corredorbioceanico.org\/en\/se-realizo-el-iv-foro-de-integracion-del-corredor-bioceanico-de-capricornio-en-iquique\/#primaryimage"},"image":{"@id":"https:\/\/corredorbioceanico.org\/en\/se-realizo-el-iv-foro-de-integracion-del-corredor-bioceanico-de-capricornio-en-iquique\/#primaryimage"},"thumbnailUrl":"https:\/\/corredorbioceanico.org\/cms\/wp-content\/uploads\/2024\/11\/4-Foro-Corredor-Bioceanico-Iquique.png","datePublished":"2023-11-23T18:01:48+00:00","dateModified":"2024-12-05T23:53:21+00:00","breadcrumb":{"@id":"https:\/\/corredorbioceanico.org\/en\/se-realizo-el-iv-foro-de-integracion-del-corredor-bioceanico-de-capricornio-en-iquique\/#breadcrumb"},"inLanguage":"es","potentialAction":[{"@type":"ReadAction","target":["https:\/\/corredorbioceanico.org\/en\/se-realizo-el-iv-foro-de-integracion-del-corredor-bioceanico-de-capricornio-en-iquique\/"]}]},{"@type":"ImageObject","inLanguage":"es","@id":"https:\/\/corredorbioceanico.org\/en\/se-realizo-el-iv-foro-de-integracion-del-corredor-bioceanico-de-capricornio-en-iquique\/#primaryimage","url":"https:\/\/corredorbioceanico.org\/cms\/wp-content\/uploads\/2024\/11\/4-Foro-Corredor-Bioceanico-Iquique.png","contentUrl":"https:\/\/corredorbioceanico.org\/cms\/wp-content\/uploads\/2024\/11\/4-Foro-Corredor-Bioceanico-Iquique.png","width":800,"height":800},{"@type":"BreadcrumbList","@id":"https:\/\/corredorbioceanico.org\/en\/se-realizo-el-iv-foro-de-integracion-del-corredor-bioceanico-de-capricornio-en-iquique\/#breadcrumb","itemListElement":[{"@type":"ListItem","position":1,"name":"Portada","item":"https:\/\/corredorbioceanico.org\/es\/"},{"@type":"ListItem","position":2,"name":"The IV Integration Forum of the Capricorn Bioceanic Corridor was held in Iquique"}]},{"@type":"WebSite","@id":"https:\/\/corredorbioceanico.org\/es\/#website","url":"https:\/\/corredorbioceanico.org\/es\/","name":"Corredor Bioce\u00e1nico de Capricornio","description":"Sitio Web del Corredor Bioce\u00e1nico de Capricornio","publisher":{"@id":"https:\/\/corredorbioceanico.org\/es\/#organization"},"potentialAction":[{"@type":"SearchAction","target":{"@type":"EntryPoint","urlTemplate":"https:\/\/corredorbioceanico.org\/es\/?s={search_term_string}"},"query-input":{"@type":"PropertyValueSpecification","valueRequired":true,"valueName":"search_term_string"}}],"inLanguage":"es"},{"@type":"Organization","@id":"https:\/\/corredorbioceanico.org\/es\/#organization","name":"Corredor Bioce\u00e1nico de Capricornio","url":"https:\/\/corredorbioceanico.org\/es\/","logo":{"@type":"ImageObject","inLanguage":"es","@id":"https:\/\/corredorbioceanico.org\/es\/#\/schema\/logo\/image\/","url":"https:\/\/corredorbioceanico.org\/cms\/wp-content\/uploads\/2025\/02\/CBC_ID_WEB_1B.png","contentUrl":"https:\/\/corredorbioceanico.org\/cms\/wp-content\/uploads\/2025\/02\/CBC_ID_WEB_1B.png","width":652,"height":200,"caption":"Corredor Bioce\u00e1nico de Capricornio"},"image":{"@id":"https:\/\/corredorbioceanico.org\/es\/#\/schema\/logo\/image\/"}},{"@type":"Person","@id":"https:\/\/corredorbioceanico.org\/es\/#\/schema\/person\/a690256ae37b47c6587b6f733bbc7d43","name":"info@portable.cl","image":{"@type":"ImageObject","inLanguage":"es","@id":"https:\/\/corredorbioceanico.org\/es\/#\/schema\/person\/image\/","url":"https:\/\/secure.gravatar.com\/avatar\/3b872948a837a69d7473d7869e5dcf25?s=96&d=mm&r=g","contentUrl":"https:\/\/secure.gravatar.com\/avatar\/3b872948a837a69d7473d7869e5dcf25?s=96&d=mm&r=g","caption":"info@portable.cl"},"url":"https:\/\/corredorbioceanico.org\/es\/author\/infoportable-cl\/"}]}},"_links":{"self":[{"href":"https:\/\/corredorbioceanico.org\/es\/wp-json\/wp\/v2\/posts\/2929","targetHints":{"allow":["GET"]}}],"collection":[{"href":"https:\/\/corredorbioceanico.org\/es\/wp-json\/wp\/v2\/posts"}],"about":[{"href":"https:\/\/corredorbioceanico.org\/es\/wp-json\/wp\/v2\/types\/post"}],"author":[{"embeddable":true,"href":"https:\/\/corredorbioceanico.org\/es\/wp-json\/wp\/v2\/users\/1"}],"replies":[{"embeddable":true,"href":"https:\/\/corredorbioceanico.org\/es\/wp-json\/wp\/v2\/comments?post=2929"}],"version-history":[{"count":3,"href":"https:\/\/corredorbioceanico.org\/es\/wp-json\/wp\/v2\/posts\/2929\/revisions"}],"predecessor-version":[{"id":3317,"href":"https:\/\/corredorbioceanico.org\/es\/wp-json\/wp\/v2\/posts\/2929\/revisions\/3317"}],"wp:featuredmedia":[{"embeddable":true,"href":"https:\/\/corredorbioceanico.org\/es\/wp-json\/wp\/v2\/media\/2938"}],"wp:attachment":[{"href":"https:\/\/corredorbioceanico.org\/es\/wp-json\/wp\/v2\/media?parent=2929"}],"wp:term":[{"taxonomy":"category","embeddable":true,"href":"https:\/\/corredorbioceanico.org\/es\/wp-json\/wp\/v2\/categories?post=2929"},{"taxonomy":"post_tag","embeddable":true,"href":"https:\/\/corredorbioceanico.org\/es\/wp-json\/wp\/v2\/tags?post=2929"}],"curies":[{"name":"wp","href":"https:\/\/api.w.org\/{rel}","templated":true}]}}