{"id":3147,"date":"2024-06-21T11:07:12","date_gmt":"2024-06-21T14:07:12","guid":{"rendered":"https:\/\/corredorbioceanico.org\/?p=3147"},"modified":"2024-11-14T11:08:53","modified_gmt":"2024-11-14T14:08:53","slug":"corredor-bioceanico-recuerdan-los-5-puntos-clave-para-el-desarrollo-industrial-del-chaco","status":"publish","type":"post","link":"https:\/\/corredorbioceanico.org\/es\/corredor-bioceanico-recuerdan-los-5-puntos-clave-para-el-desarrollo-industrial-del-chaco\/","title":{"rendered":"Corredor Bioce\u00e1nico: recuerdan los 5 puntos clave para el desarrollo industrial del Chaco"},"content":{"rendered":"<p>Durante la apertura del quinto foro Foro del Corredor Bioce\u00e1nico Paraguay 2024 en la ciudad de Loma Plata, departamento de Boquer\u00f3n, el ministro de Industria y Comercio (MIC), Javier Gim\u00e9nez, resalt\u00f3 que los\u00a0<b>recursos naturales, log\u00edstica, acceso a mercados, energ\u00eda y capital humano son los cinco puntos clave para el desarrollo industrial sostenido del Chaco.<\/b><\/p>\n<p class=\"paragraph\">Para el ministro Javier Gim\u00e9nez \u201c<b>no hay un lugar mejor para producir que el Chaco paraguayo\u201d<\/b>, si se habla de recursos naturales. A la par, asegur\u00f3 que la agricultura en esta zona del pa\u00eds a\u00fan no ha logrado su m\u00e1ximo potencial y que es un desaf\u00edo a lograr. \u201cTenemos una agricultura que todav\u00eda no ha despegado, con aproximadamente\u00a0<b>400.000 hect\u00e1reas de diferentes cultivos<\/b>, pero con un\u00a0<b>potencial enorme de 3 millones de hect\u00e1reas<\/b>\u201d, indic\u00f3.<\/p>\n<p class=\"paragraph\">Acerca de los planes de\u00a0<b>instalaci\u00f3n de un gasoducto<\/b>\u00a0que permitir\u00e1 el transporte de gas desde Argentina hasta el Brasil, a trav\u00e9s del territorio paraguayo, dijo que el ahorro de tiempo y dinero tendr\u00e1 un gran valor agregado para los pa\u00edses involucrados: Argentina, Brasil y Chile. \u201c<b>Tenemos un gran futuro en este enorme y vasto territorio que es el Chaco paraguayo.\u00a0<\/b>No hay mejor tierra, no hay mejor r\u00e9gimen de lluvia, no hay mejor sol, no hay mejores condiciones en esta parte del mundo\u201d, apunt\u00f3.<\/p>\n<p class=\"paragraph\">Por otro lado, el ministro coment\u00f3 que desde el Gobierno<b>\u00a0se est\u00e1 trabajando para poner a la Administraci\u00f3n Nacional de Electricidad (Ande) a la altura de las necesidades<\/b>, con recursos importantes, de manera a dotar al Chaco de energ\u00eda, haciendo lo necesario para lograr una distribuci\u00f3n eficiente y efectiva en materia energ\u00e9tica, para la industrializaci\u00f3n de la zona.<\/p>\n<p class=\"paragraph\">Subray\u00f3 que esta es una responsabilidad compartida entre la Ande, el MIC y el Ministerio de Econom\u00eda y Finanzas (MEF) para que el rubro el\u00e9ctrico logre su objetivo y de la importancia de diversificar su matriz, principalmente en esta zona, e invitar al sector privado para que sean los generadores de nuevas fuentes de energ\u00eda. \u201c<b>El Chaco ya deber\u00eda contar con enormes inversiones en plantas solares<\/b>\u201d, apunt\u00f3.<\/p>\n","protected":false},"excerpt":{"rendered":"<p>Durante la apertura del quinto foro Foro del Corredor Bioce\u00e1nico Paraguay 2024 en la ciudad de Loma Plata, departamento de Boquer\u00f3n, el ministro de Industria y Comercio (MIC), Javier Gim\u00e9nez, resalt\u00f3 que los\u00a0recursos naturales, log\u00edstica, acceso a mercados, energ\u00eda y capital humano son los cinco puntos clave para el desarrollo industrial sostenido del Chaco. Para [&hellip;]<\/p>\n","protected":false},"author":1,"featured_media":3149,"comment_status":"open","ping_status":"open","sticky":false,"template":"","format":"standard","meta":{"_acf_changed":false,"_relevanssi_hide_post":"","_relevanssi_hide_content":"","_relevanssi_pin_for_all":"","_relevanssi_pin_keywords":"","_relevanssi_unpin_keywords":"","_relevanssi_related_keywords":"","_relevanssi_related_include_ids":"","_relevanssi_related_exclude_ids":"","_relevanssi_related_no_append":"","_relevanssi_related_not_related":"","_relevanssi_related_posts":"","_relevanssi_noindex_reason":"","footnotes":""},"categories":[2],"tags":[],"class_list":["post-3147","post","type-post","status-publish","format-standard","has-post-thumbnail","hentry","category-en-los-medios"],"acf":[],"yoast_head":"<!-- This site is optimized with the Yoast SEO plugin v25.5 - https:\/\/yoast.com\/wordpress\/plugins\/seo\/ -->\n<title>Corredor Bioce\u00e1nico: recuerdan los 5 puntos clave para el desarrollo industrial del Chaco - Corredor Bioce\u00e1nico de Capricornio<\/title>\n<meta name=\"robots\" content=\"index, follow, max-snippet:-1, max-image-preview:large, max-video-preview:-1\" \/>\n<link rel=\"canonical\" href=\"https:\/\/corredorbioceanico.org\/corredor-bioceanico-recuerdan-los-5-puntos-clave-para-el-desarrollo-industrial-del-chaco\/\" \/>\n<meta property=\"og:locale\" content=\"es_ES\" \/>\n<meta property=\"og:type\" content=\"article\" \/>\n<meta property=\"og:title\" content=\"Corredor Bioce\u00e1nico: recuerdan los 5 puntos clave para el desarrollo industrial del Chaco - Corredor Bioce\u00e1nico de Capricornio\" \/>\n<meta property=\"og:description\" content=\"Durante la apertura del quinto foro Foro del Corredor Bioce\u00e1nico Paraguay 2024 en la ciudad de Loma Plata, departamento de Boquer\u00f3n, el ministro de Industria y Comercio (MIC), Javier Gim\u00e9nez, resalt\u00f3 que los\u00a0recursos naturales, log\u00edstica, acceso a mercados, energ\u00eda y capital humano son los cinco puntos clave para el desarrollo industrial sostenido del Chaco. Para [&hellip;]\" \/>\n<meta property=\"og:url\" content=\"https:\/\/corredorbioceanico.org\/corredor-bioceanico-recuerdan-los-5-puntos-clave-para-el-desarrollo-industrial-del-chaco\/\" \/>\n<meta property=\"og:site_name\" content=\"Corredor Bioce\u00e1nico de Capricornio\" \/>\n<meta property=\"article:published_time\" content=\"2024-06-21T14:07:12+00:00\" \/>\n<meta property=\"article:modified_time\" content=\"2024-11-14T14:08:53+00:00\" \/>\n<meta property=\"og:image\" content=\"https:\/\/corredorbioceanico.org\/cms\/wp-content\/uploads\/2024\/06\/KAXFFNONPZEB3JS2WT2T5IS6DA.jpeg\" \/>\n\t<meta property=\"og:image:width\" content=\"900\" \/>\n\t<meta property=\"og:image:height\" content=\"703\" \/>\n\t<meta property=\"og:image:type\" content=\"image\/jpeg\" \/>\n<meta name=\"author\" content=\"info@portable.cl\" \/>\n<meta name=\"twitter:card\" content=\"summary_large_image\" \/>\n<meta name=\"twitter:label1\" content=\"Escrito por\" \/>\n\t<meta name=\"twitter:data1\" content=\"info@portable.cl\" \/>\n\t<meta name=\"twitter:label2\" content=\"Tiempo de lectura\" \/>\n\t<meta name=\"twitter:data2\" content=\"2 minutos\" \/>\n<script type=\"application\/ld+json\" class=\"yoast-schema-graph\">{\"@context\":\"https:\/\/schema.org\",\"@graph\":[{\"@type\":\"Article\",\"@id\":\"https:\/\/corredorbioceanico.org\/corredor-bioceanico-recuerdan-los-5-puntos-clave-para-el-desarrollo-industrial-del-chaco\/#article\",\"isPartOf\":{\"@id\":\"https:\/\/corredorbioceanico.org\/corredor-bioceanico-recuerdan-los-5-puntos-clave-para-el-desarrollo-industrial-del-chaco\/\"},\"author\":{\"name\":\"info@portable.cl\",\"@id\":\"https:\/\/corredorbioceanico.org\/es\/#\/schema\/person\/a690256ae37b47c6587b6f733bbc7d43\"},\"headline\":\"Corredor Bioce\u00e1nico: recuerdan los 5 puntos clave para el desarrollo industrial del Chaco\",\"datePublished\":\"2024-06-21T14:07:12+00:00\",\"dateModified\":\"2024-11-14T14:08:53+00:00\",\"mainEntityOfPage\":{\"@id\":\"https:\/\/corredorbioceanico.org\/corredor-bioceanico-recuerdan-los-5-puntos-clave-para-el-desarrollo-industrial-del-chaco\/\"},\"wordCount\":375,\"commentCount\":0,\"publisher\":{\"@id\":\"https:\/\/corredorbioceanico.org\/es\/#organization\"},\"image\":{\"@id\":\"https:\/\/corredorbioceanico.org\/corredor-bioceanico-recuerdan-los-5-puntos-clave-para-el-desarrollo-industrial-del-chaco\/#primaryimage\"},\"thumbnailUrl\":\"https:\/\/corredorbioceanico.org\/cms\/wp-content\/uploads\/2024\/06\/KAXFFNONPZEB3JS2WT2T5IS6DA.jpeg\",\"articleSection\":[\"En los Medios\"],\"inLanguage\":\"es\",\"potentialAction\":[{\"@type\":\"CommentAction\",\"name\":\"Comment\",\"target\":[\"https:\/\/corredorbioceanico.org\/corredor-bioceanico-recuerdan-los-5-puntos-clave-para-el-desarrollo-industrial-del-chaco\/#respond\"]}]},{\"@type\":\"WebPage\",\"@id\":\"https:\/\/corredorbioceanico.org\/corredor-bioceanico-recuerdan-los-5-puntos-clave-para-el-desarrollo-industrial-del-chaco\/\",\"url\":\"https:\/\/corredorbioceanico.org\/corredor-bioceanico-recuerdan-los-5-puntos-clave-para-el-desarrollo-industrial-del-chaco\/\",\"name\":\"Corredor Bioce\u00e1nico: recuerdan los 5 puntos clave para el desarrollo industrial del Chaco - Corredor Bioce\u00e1nico de Capricornio\",\"isPartOf\":{\"@id\":\"https:\/\/corredorbioceanico.org\/es\/#website\"},\"primaryImageOfPage\":{\"@id\":\"https:\/\/corredorbioceanico.org\/corredor-bioceanico-recuerdan-los-5-puntos-clave-para-el-desarrollo-industrial-del-chaco\/#primaryimage\"},\"image\":{\"@id\":\"https:\/\/corredorbioceanico.org\/corredor-bioceanico-recuerdan-los-5-puntos-clave-para-el-desarrollo-industrial-del-chaco\/#primaryimage\"},\"thumbnailUrl\":\"https:\/\/corredorbioceanico.org\/cms\/wp-content\/uploads\/2024\/06\/KAXFFNONPZEB3JS2WT2T5IS6DA.jpeg\",\"datePublished\":\"2024-06-21T14:07:12+00:00\",\"dateModified\":\"2024-11-14T14:08:53+00:00\",\"breadcrumb\":{\"@id\":\"https:\/\/corredorbioceanico.org\/corredor-bioceanico-recuerdan-los-5-puntos-clave-para-el-desarrollo-industrial-del-chaco\/#breadcrumb\"},\"inLanguage\":\"es\",\"potentialAction\":[{\"@type\":\"ReadAction\",\"target\":[\"https:\/\/corredorbioceanico.org\/corredor-bioceanico-recuerdan-los-5-puntos-clave-para-el-desarrollo-industrial-del-chaco\/\"]}]},{\"@type\":\"ImageObject\",\"inLanguage\":\"es\",\"@id\":\"https:\/\/corredorbioceanico.org\/corredor-bioceanico-recuerdan-los-5-puntos-clave-para-el-desarrollo-industrial-del-chaco\/#primaryimage\",\"url\":\"https:\/\/corredorbioceanico.org\/cms\/wp-content\/uploads\/2024\/06\/KAXFFNONPZEB3JS2WT2T5IS6DA.jpeg\",\"contentUrl\":\"https:\/\/corredorbioceanico.org\/cms\/wp-content\/uploads\/2024\/06\/KAXFFNONPZEB3JS2WT2T5IS6DA.jpeg\",\"width\":900,\"height\":703},{\"@type\":\"BreadcrumbList\",\"@id\":\"https:\/\/corredorbioceanico.org\/corredor-bioceanico-recuerdan-los-5-puntos-clave-para-el-desarrollo-industrial-del-chaco\/#breadcrumb\",\"itemListElement\":[{\"@type\":\"ListItem\",\"position\":1,\"name\":\"Portada\",\"item\":\"https:\/\/corredorbioceanico.org\/es\/\"},{\"@type\":\"ListItem\",\"position\":2,\"name\":\"Corredor Bioce\u00e1nico: recuerdan los 5 puntos clave para el desarrollo industrial del Chaco\"}]},{\"@type\":\"WebSite\",\"@id\":\"https:\/\/corredorbioceanico.org\/es\/#website\",\"url\":\"https:\/\/corredorbioceanico.org\/es\/\",\"name\":\"Corredor Bioce\u00e1nico de Capricornio\",\"description\":\"Sitio Web del Corredor Bioce\u00e1nico de Capricornio\",\"publisher\":{\"@id\":\"https:\/\/corredorbioceanico.org\/es\/#organization\"},\"potentialAction\":[{\"@type\":\"SearchAction\",\"target\":{\"@type\":\"EntryPoint\",\"urlTemplate\":\"https:\/\/corredorbioceanico.org\/es\/?s={search_term_string}\"},\"query-input\":{\"@type\":\"PropertyValueSpecification\",\"valueRequired\":true,\"valueName\":\"search_term_string\"}}],\"inLanguage\":\"es\"},{\"@type\":\"Organization\",\"@id\":\"https:\/\/corredorbioceanico.org\/es\/#organization\",\"name\":\"Corredor Bioce\u00e1nico de Capricornio\",\"url\":\"https:\/\/corredorbioceanico.org\/es\/\",\"logo\":{\"@type\":\"ImageObject\",\"inLanguage\":\"es\",\"@id\":\"https:\/\/corredorbioceanico.org\/es\/#\/schema\/logo\/image\/\",\"url\":\"https:\/\/corredorbioceanico.org\/cms\/wp-content\/uploads\/2025\/02\/CBC_ID_WEB_1B.png\",\"contentUrl\":\"https:\/\/corredorbioceanico.org\/cms\/wp-content\/uploads\/2025\/02\/CBC_ID_WEB_1B.png\",\"width\":652,\"height\":200,\"caption\":\"Corredor Bioce\u00e1nico de Capricornio\"},\"image\":{\"@id\":\"https:\/\/corredorbioceanico.org\/es\/#\/schema\/logo\/image\/\"}},{\"@type\":\"Person\",\"@id\":\"https:\/\/corredorbioceanico.org\/es\/#\/schema\/person\/a690256ae37b47c6587b6f733bbc7d43\",\"name\":\"info@portable.cl\",\"image\":{\"@type\":\"ImageObject\",\"inLanguage\":\"es\",\"@id\":\"https:\/\/corredorbioceanico.org\/es\/#\/schema\/person\/image\/\",\"url\":\"https:\/\/secure.gravatar.com\/avatar\/3b872948a837a69d7473d7869e5dcf25?s=96&d=mm&r=g\",\"contentUrl\":\"https:\/\/secure.gravatar.com\/avatar\/3b872948a837a69d7473d7869e5dcf25?s=96&d=mm&r=g\",\"caption\":\"info@portable.cl\"},\"url\":\"https:\/\/corredorbioceanico.org\/es\/author\/infoportable-cl\/\"}]}<\/script>\n<!-- \/ Yoast SEO plugin. -->","yoast_head_json":{"title":"Corredor Bioce\u00e1nico: recuerdan los 5 puntos clave para el desarrollo industrial del Chaco - Corredor Bioce\u00e1nico de Capricornio","robots":{"index":"index","follow":"follow","max-snippet":"max-snippet:-1","max-image-preview":"max-image-preview:large","max-video-preview":"max-video-preview:-1"},"canonical":"https:\/\/corredorbioceanico.org\/corredor-bioceanico-recuerdan-los-5-puntos-clave-para-el-desarrollo-industrial-del-chaco\/","og_locale":"es_ES","og_type":"article","og_title":"Corredor Bioce\u00e1nico: recuerdan los 5 puntos clave para el desarrollo industrial del Chaco - Corredor Bioce\u00e1nico de Capricornio","og_description":"Durante la apertura del quinto foro Foro del Corredor Bioce\u00e1nico Paraguay 2024 en la ciudad de Loma Plata, departamento de Boquer\u00f3n, el ministro de Industria y Comercio (MIC), Javier Gim\u00e9nez, resalt\u00f3 que los\u00a0recursos naturales, log\u00edstica, acceso a mercados, energ\u00eda y capital humano son los cinco puntos clave para el desarrollo industrial sostenido del Chaco. Para [&hellip;]","og_url":"https:\/\/corredorbioceanico.org\/corredor-bioceanico-recuerdan-los-5-puntos-clave-para-el-desarrollo-industrial-del-chaco\/","og_site_name":"Corredor Bioce\u00e1nico de Capricornio","article_published_time":"2024-06-21T14:07:12+00:00","article_modified_time":"2024-11-14T14:08:53+00:00","og_image":[{"width":900,"height":703,"url":"https:\/\/corredorbioceanico.org\/cms\/wp-content\/uploads\/2024\/06\/KAXFFNONPZEB3JS2WT2T5IS6DA.jpeg","type":"image\/jpeg"}],"author":"info@portable.cl","twitter_card":"summary_large_image","twitter_misc":{"Escrito por":"info@portable.cl","Tiempo de lectura":"2 minutos"},"schema":{"@context":"https:\/\/schema.org","@graph":[{"@type":"Article","@id":"https:\/\/corredorbioceanico.org\/corredor-bioceanico-recuerdan-los-5-puntos-clave-para-el-desarrollo-industrial-del-chaco\/#article","isPartOf":{"@id":"https:\/\/corredorbioceanico.org\/corredor-bioceanico-recuerdan-los-5-puntos-clave-para-el-desarrollo-industrial-del-chaco\/"},"author":{"name":"info@portable.cl","@id":"https:\/\/corredorbioceanico.org\/es\/#\/schema\/person\/a690256ae37b47c6587b6f733bbc7d43"},"headline":"Corredor Bioce\u00e1nico: recuerdan los 5 puntos clave para el desarrollo industrial del Chaco","datePublished":"2024-06-21T14:07:12+00:00","dateModified":"2024-11-14T14:08:53+00:00","mainEntityOfPage":{"@id":"https:\/\/corredorbioceanico.org\/corredor-bioceanico-recuerdan-los-5-puntos-clave-para-el-desarrollo-industrial-del-chaco\/"},"wordCount":375,"commentCount":0,"publisher":{"@id":"https:\/\/corredorbioceanico.org\/es\/#organization"},"image":{"@id":"https:\/\/corredorbioceanico.org\/corredor-bioceanico-recuerdan-los-5-puntos-clave-para-el-desarrollo-industrial-del-chaco\/#primaryimage"},"thumbnailUrl":"https:\/\/corredorbioceanico.org\/cms\/wp-content\/uploads\/2024\/06\/KAXFFNONPZEB3JS2WT2T5IS6DA.jpeg","articleSection":["En los Medios"],"inLanguage":"es","potentialAction":[{"@type":"CommentAction","name":"Comment","target":["https:\/\/corredorbioceanico.org\/corredor-bioceanico-recuerdan-los-5-puntos-clave-para-el-desarrollo-industrial-del-chaco\/#respond"]}]},{"@type":"WebPage","@id":"https:\/\/corredorbioceanico.org\/corredor-bioceanico-recuerdan-los-5-puntos-clave-para-el-desarrollo-industrial-del-chaco\/","url":"https:\/\/corredorbioceanico.org\/corredor-bioceanico-recuerdan-los-5-puntos-clave-para-el-desarrollo-industrial-del-chaco\/","name":"Corredor Bioce\u00e1nico: recuerdan los 5 puntos clave para el desarrollo industrial del Chaco - Corredor Bioce\u00e1nico de Capricornio","isPartOf":{"@id":"https:\/\/corredorbioceanico.org\/es\/#website"},"primaryImageOfPage":{"@id":"https:\/\/corredorbioceanico.org\/corredor-bioceanico-recuerdan-los-5-puntos-clave-para-el-desarrollo-industrial-del-chaco\/#primaryimage"},"image":{"@id":"https:\/\/corredorbioceanico.org\/corredor-bioceanico-recuerdan-los-5-puntos-clave-para-el-desarrollo-industrial-del-chaco\/#primaryimage"},"thumbnailUrl":"https:\/\/corredorbioceanico.org\/cms\/wp-content\/uploads\/2024\/06\/KAXFFNONPZEB3JS2WT2T5IS6DA.jpeg","datePublished":"2024-06-21T14:07:12+00:00","dateModified":"2024-11-14T14:08:53+00:00","breadcrumb":{"@id":"https:\/\/corredorbioceanico.org\/corredor-bioceanico-recuerdan-los-5-puntos-clave-para-el-desarrollo-industrial-del-chaco\/#breadcrumb"},"inLanguage":"es","potentialAction":[{"@type":"ReadAction","target":["https:\/\/corredorbioceanico.org\/corredor-bioceanico-recuerdan-los-5-puntos-clave-para-el-desarrollo-industrial-del-chaco\/"]}]},{"@type":"ImageObject","inLanguage":"es","@id":"https:\/\/corredorbioceanico.org\/corredor-bioceanico-recuerdan-los-5-puntos-clave-para-el-desarrollo-industrial-del-chaco\/#primaryimage","url":"https:\/\/corredorbioceanico.org\/cms\/wp-content\/uploads\/2024\/06\/KAXFFNONPZEB3JS2WT2T5IS6DA.jpeg","contentUrl":"https:\/\/corredorbioceanico.org\/cms\/wp-content\/uploads\/2024\/06\/KAXFFNONPZEB3JS2WT2T5IS6DA.jpeg","width":900,"height":703},{"@type":"BreadcrumbList","@id":"https:\/\/corredorbioceanico.org\/corredor-bioceanico-recuerdan-los-5-puntos-clave-para-el-desarrollo-industrial-del-chaco\/#breadcrumb","itemListElement":[{"@type":"ListItem","position":1,"name":"Portada","item":"https:\/\/corredorbioceanico.org\/es\/"},{"@type":"ListItem","position":2,"name":"Corredor Bioce\u00e1nico: recuerdan los 5 puntos clave para el desarrollo industrial del Chaco"}]},{"@type":"WebSite","@id":"https:\/\/corredorbioceanico.org\/es\/#website","url":"https:\/\/corredorbioceanico.org\/es\/","name":"Corredor Bioce\u00e1nico de Capricornio","description":"Sitio Web del Corredor Bioce\u00e1nico de Capricornio","publisher":{"@id":"https:\/\/corredorbioceanico.org\/es\/#organization"},"potentialAction":[{"@type":"SearchAction","target":{"@type":"EntryPoint","urlTemplate":"https:\/\/corredorbioceanico.org\/es\/?s={search_term_string}"},"query-input":{"@type":"PropertyValueSpecification","valueRequired":true,"valueName":"search_term_string"}}],"inLanguage":"es"},{"@type":"Organization","@id":"https:\/\/corredorbioceanico.org\/es\/#organization","name":"Corredor Bioce\u00e1nico de Capricornio","url":"https:\/\/corredorbioceanico.org\/es\/","logo":{"@type":"ImageObject","inLanguage":"es","@id":"https:\/\/corredorbioceanico.org\/es\/#\/schema\/logo\/image\/","url":"https:\/\/corredorbioceanico.org\/cms\/wp-content\/uploads\/2025\/02\/CBC_ID_WEB_1B.png","contentUrl":"https:\/\/corredorbioceanico.org\/cms\/wp-content\/uploads\/2025\/02\/CBC_ID_WEB_1B.png","width":652,"height":200,"caption":"Corredor Bioce\u00e1nico de Capricornio"},"image":{"@id":"https:\/\/corredorbioceanico.org\/es\/#\/schema\/logo\/image\/"}},{"@type":"Person","@id":"https:\/\/corredorbioceanico.org\/es\/#\/schema\/person\/a690256ae37b47c6587b6f733bbc7d43","name":"info@portable.cl","image":{"@type":"ImageObject","inLanguage":"es","@id":"https:\/\/corredorbioceanico.org\/es\/#\/schema\/person\/image\/","url":"https:\/\/secure.gravatar.com\/avatar\/3b872948a837a69d7473d7869e5dcf25?s=96&d=mm&r=g","contentUrl":"https:\/\/secure.gravatar.com\/avatar\/3b872948a837a69d7473d7869e5dcf25?s=96&d=mm&r=g","caption":"info@portable.cl"},"url":"https:\/\/corredorbioceanico.org\/es\/author\/infoportable-cl\/"}]}},"_links":{"self":[{"href":"https:\/\/corredorbioceanico.org\/es\/wp-json\/wp\/v2\/posts\/3147","targetHints":{"allow":["GET"]}}],"collection":[{"href":"https:\/\/corredorbioceanico.org\/es\/wp-json\/wp\/v2\/posts"}],"about":[{"href":"https:\/\/corredorbioceanico.org\/es\/wp-json\/wp\/v2\/types\/post"}],"author":[{"embeddable":true,"href":"https:\/\/corredorbioceanico.org\/es\/wp-json\/wp\/v2\/users\/1"}],"replies":[{"embeddable":true,"href":"https:\/\/corredorbioceanico.org\/es\/wp-json\/wp\/v2\/comments?post=3147"}],"version-history":[{"count":2,"href":"https:\/\/corredorbioceanico.org\/es\/wp-json\/wp\/v2\/posts\/3147\/revisions"}],"predecessor-version":[{"id":3150,"href":"https:\/\/corredorbioceanico.org\/es\/wp-json\/wp\/v2\/posts\/3147\/revisions\/3150"}],"wp:featuredmedia":[{"embeddable":true,"href":"https:\/\/corredorbioceanico.org\/es\/wp-json\/wp\/v2\/media\/3149"}],"wp:attachment":[{"href":"https:\/\/corredorbioceanico.org\/es\/wp-json\/wp\/v2\/media?parent=3147"}],"wp:term":[{"taxonomy":"category","embeddable":true,"href":"https:\/\/corredorbioceanico.org\/es\/wp-json\/wp\/v2\/categories?post=3147"},{"taxonomy":"post_tag","embeddable":true,"href":"https:\/\/corredorbioceanico.org\/es\/wp-json\/wp\/v2\/tags?post=3147"}],"curies":[{"name":"wp","href":"https:\/\/api.w.org\/{rel}","templated":true}]}}