{"id":3557,"date":"2025-02-21T11:45:15","date_gmt":"2025-02-21T14:45:15","guid":{"rendered":"https:\/\/corredorbioceanico.org\/?p=3557"},"modified":"2025-02-21T17:22:08","modified_gmt":"2025-02-21T20:22:08","slug":"br-el-vi-foro-de-integracion-se-realizara-del-18-al-20-de-febero-en-campo-grande","status":"publish","type":"post","link":"https:\/\/corredorbioceanico.org\/es\/br-el-vi-foro-de-integracion-se-realizara-del-18-al-20-de-febero-en-campo-grande\/","title":{"rendered":"Concluy\u00f3 en Campo Grande el VI Foro de Integraci\u00f3n del Corredor Bioce\u00e1nico de Capricornio"},"content":{"rendered":"<p>CAMPO GRANDE &#8211; Entre el 18 y el 20 de febrero se realiz\u00f3 en el Centro de Convenciones Arquitecto Rubens Gil de Camillo, en el Parque dos Poderes (Mato Grosso do Sul, Brasil), el VI Foro de Integraci\u00f3n de los Territorios Subnacionales del Corredor Bioce\u00e1nico de Capricornio.<\/p>\n<p>Reunidos en el marco del Seminario Internacional de la Ruta Bioce\u00e1nica, los participantes discutieron sobre temas aduaneros, infraestructura, seguridad, log\u00edstica, oportunidades de negocios en comercio exterior e internacional, as\u00ed como turismo y otros \u00e1mbitos socioecon\u00f3micos. El evento fue organizado por el Gobierno de Mato Grosso do Sul, a trav\u00e9s de la Secretar\u00eda de Medio Ambiente, Desarrollo, Ciencia, Tecnolog\u00eda e Innovaci\u00f3n (Semadesc), con el apoyo de la Federaci\u00f3n de Industrias del Estado de Mato Grosso do Sul (Fiems) y Sebrae-MS.<\/p>\n<p>Por su parte, los Gobernadores y autoridades de los ocho territorios subnacionales de Brasil, Paraguay, Argentina y Chile que componen el Corredor Bioce\u00e1nico de Capricornio ratificaron su compromiso de fortalecer el Corredor Bioce\u00e1nico de Capricornio como un catalizador de la integraci\u00f3n regional y promotor del desarrollo sostenible y la conectividad regional, buscando mejorar la calidad de vida de sus habitantes.<\/p>\n<p><strong>Cumbre de Gobernadores<\/strong><\/p>\n<p>La Cumbre de Gobernadores fue presidida por el Sr. Eduardo Correa Riedel, Gobernador de Mato Grosso do Sul. Los temas tratados fueron los siguientes:<\/p>\n<ol start=\"1\">\n<li>Plan Maestro de Integraci\u00f3n y Desarrollo del CBC.<\/li>\n<li>Imagen Corporativa y Sitio Web del Foro.<\/li>\n<li>Lineamientos de Funcionamiento del Foro de los Territorios Subnacionales del Corredor Bioce\u00e1nico de Capricornio.<\/li>\n<li>Secretar\u00eda T\u00e9cnica del Foro a cargo del Banco Interamericano de Desarrollo (BID).<\/li>\n<li>Presidencia Pro Tempore 2025. Lugar y fecha de la VII Reuni\u00f3n del Foro.<\/li>\n<li>Acuerdo de Cooperaci\u00f3n T\u00e9cnica entre la Provincia de Jujuy, Argentina y el Estado de Mato Grosso do Sul, Brasil.<\/li>\n<li>Comisiones T\u00e9cnicas.<\/li>\n<\/ol>\n<p><strong>Acuerdos alcanzados:<\/strong><\/p>\n<p><strong>1. Plan Maestro de Integraci\u00f3n y Desarrollo del CBC<\/strong><\/p>\n<p>Se presentaron los avances del Plan Maestro Regional de Integraci\u00f3n y Desarrollo del Corredor Bioce\u00e1nico de Capricornio (CBC), Bien P\u00fablico Regional financiado por el Banco Interamericano de Desarrollo (BID) y ejecutado en conjunto con la Comisi\u00f3n Ejecutiva del Foro.<\/p>\n<p><strong>2. Imagen corporativa y sitio web del Foro<\/strong><\/p>\n<p>Se presentaron a consideraci\u00f3n de los Gobernadores las propuestas de imagen corporativa del Foro y su sitio web, desarrolladas por la Comisi\u00f3n Ejecutiva con el apoyo del BID.<\/p>\n<p>Los Gobernadores felicitaron este trabajo y aprobaron el Logotipo del Foro de los Territorios Subnacionales del Corredor Bioce\u00e1nico de Capricornio y el Sitio Web, y mandatan a la Comisi\u00f3n Ejecutiva para que se realice una actualizaci\u00f3n peri\u00f3dica de sus contenidos.<\/p>\n<p>El Sitio Web oficial del Foro es: \u00a0<a href=\"https:\/\/corredorbioceanico.org\/\">https:\/\/corredorbioceanico.org\/<\/a><\/p>\n<p><strong>3. Lineamientos de Funcionamiento del Foro de los Territorios Subnacionales del Corredor Bioce\u00e1nico de Capricornio<\/strong><\/p>\n<p>Se present\u00f3 a consideraci\u00f3n de los Gobernadores la propuesta de \u201cLineamientos para el Funcionamiento del Foro de los Territorios Subnacionales del Corredor Bioce\u00e1nico de Capricornio\u201d que re\u00fane los procedimientos de funcionamiento del Foro, y sus instancias de trabajo: la Cumbre de Gobernadores, la Comisi\u00f3n Ejecutiva, las Comisiones de Trabajo y la Secretar\u00eda T\u00e9cnica.<\/p>\n<p>Esta propuesta es consecuente con el acuerdo suscrito en la IV Reuni\u00f3n del Foro desarrollada en la ciudad de Iquique, Regi\u00f3n de Tarapac\u00e1, Chile, que instru\u00eda la creaci\u00f3n de una Comisi\u00f3n Ejecutiva que \u201cgenere el dinamismo del corredor, desarrolle un trabajo de an\u00e1lisis y propuestas para continuar avanzando en la institucionalidad de las reuniones de los Gobernadores Regionales de los Estados Subnacionales y articule el trabajo t\u00e9cnico de las distintas comisiones\u201d.<\/p>\n<p>Los Gobernadores felicitaron este trabajo y dejaron aprobados los \u201cLineamientos para el Funcionamiento del Foro de los Territorios Subnacionales del Corredor Bioce\u00e1nico de Capricornio\u201d, los cuales quedaron presentados como Anexo X.<\/p>\n<p><strong>4. Secretar\u00eda T\u00e9cnica del Foro <\/strong><\/p>\n<p>Destacando el apoyo que el Banco Interamericano de Desarrollo (BID) ha proporcionado a los territorios subnacionales desde la creaci\u00f3n del Foro, incluyendo la aprobaci\u00f3n y ejecuci\u00f3n del Bien P\u00fablico Regional \u201cPlan Maestro de Integraci\u00f3n y Desarrollo del Corredor Bioce\u00e1nico de Capricornio\u201d; y considerando que los \u201cLineamientos de Funcionamiento\u201d aprobados en el punto anterior incluyen la conformaci\u00f3n de una Secretar\u00eda T\u00e9cnica, los Gobernadores solicitaron al BID que ejerza la Secretar\u00eda T\u00e9cnica del Foro. Esta solicitud fue aceptada por dicho organismo, que asume esta labor a partir de la publicaci\u00f3n de esta Acta.<\/p>\n<p><strong>5. Presidencia Protempore 2025 del Foro<\/strong><\/p>\n<p>Los Gobernadores establecen como Presidencia Pro Tempore 2025 a la Provincia de Jujuy (Argentina), para el periodo comprendido entre este encuentro y la VII Reuni\u00f3n del Foro a realizarse en la ciudad de San Salvador de Jujuy en noviembre de 2025.<\/p>\n<p>Los Gobernadores acuerdan de aqu\u00ed en adelante realizar una Reuni\u00f3n Anual del Foro, en el transcurso del mes de noviembre. En dicha oportunidad se establecer\u00e1 la Provincia\/Estado\/Regi\u00f3n\/Departamento que asumir\u00e1 la Presidencia Pro T\u00e9mpore del Foro para el siguiente a\u00f1o.<\/p>\n<p><strong>6. Protocolo de Intenciones entre el Estado de Mato Grosso do Sul, Brasil, y el Ministerio de Industria y Comercio de la Rep\u00fablica de Paraguay<\/strong><\/p>\n<p>Los Gobernadores celebran el acuerdo de Cooperaci\u00f3n T\u00e9cnica entre la Provincia de Jujuy, Argentina y el Estado de Mato Grosso do Sul, Brasil. El acuerdo se presenta como Anexo 2<\/p>\n<p><strong>7. Memorando de entendimiento entre la Provincia de Jujuy, Argentina y el Estado de Mato Grosso do Sul, Brasil.<\/strong><\/p>\n<p>Los Gobernadores celebran el Memorando de entendimiento entre la Provincia de Jujuy, Argentina y el Estado de Mato Grosso do Sul, Brasil. El acuerdo se presenta como Anexo 3.<\/p>\n<p><strong>8. Comisiones T\u00e9cnicas<\/strong><\/p>\n<p>Los Gobernadores celebran las reuniones realizadas por las distintas Comisiones T\u00e9cnicas e instan a los responsables al cumplimiento de los acuerdos alcanzados y la presentaci\u00f3n de resultados en la VII Reuni\u00f3n del Foro.<\/p>\n<p>Las actas de las Comisiones T\u00e9cnicas se presentan como Anexos X.<\/p>\n<p>Finalmente, los Gobernadores agradecieronn a los organizadores de la VI Reuni\u00f3n del Foro de Campo Grande por el gran esfuerzo desplegado, que permiti\u00f3 reunir a representantes del sector privado en una ronda de negocios y a los actores de la sociedad civil, la academia y el sector p\u00fablico, en un importante Seminario Internacional que posibilit\u00f3 difundir los avances y desaf\u00edos que depara el establecimiento del Corredor Bioce\u00e1nico de Capricornio como una iniciativa que propende a la integraci\u00f3n y el desarrollo de nuestros pueblos.<\/p>\n<p><strong>El programa:<\/strong><\/p>\n<p><strong>El primer d\u00eda, 18 de febrero,<\/strong> adem\u00e1s de la\u00a0Reuni\u00f3n de los Gobernadores del Corredor Bioce\u00e1nico, se realiz\u00f3 la Sesi\u00f3n de Negocios (organizada por SEBRAE\/MS) y se reunieron las IComisiones T\u00e9cnicas. Las \u00e1reas participantes<strong><br \/>\n<\/strong>fueron:<\/p>\n<ol class=\"wp-block-list\">\n<li>Academia y Educaci\u00f3n<\/li>\n<li>Comercio y Procedimientos Fronterizos<\/li>\n<li>Seguridad<\/li>\n<li>Municipios<\/li>\n<li>Obras P\u00fablicas, Log\u00edstica y Transporte<\/li>\n<li>Ciudadan\u00eda con enfoque en g\u00e9neros y pueblos originarios<\/li>\n<li>Salud y Sostenibilidad<\/li>\n<li>Turismo<\/li>\n<li>Comisi\u00f3n Ejecutiva del Plan Maestro<\/li>\n<\/ol>\n<p><strong>Luego, el 19 de febrero,<\/strong> se realizaron paneles tem\u00e1ticos sobre sector privado, infraestructura, tecnolog\u00eda e innovaci\u00f3n, aduanas e impacto social. Estos fueron:<\/p>\n<p>a. Panel Sector Privado<\/p>\n<p>b. Panel Infraestructura<\/p>\n<p>c. Panel Tecnolog\u00eda e Innovaci\u00f3n<\/p>\n<p>d.\u00a0Panel Aduanas<\/p>\n<p>e. Panel Impacto Social<\/p>\n<p><strong>El \u00faltimo d\u00eda, 20 de febrero<\/strong>, se presentaron las actas de las ocho comisiones t\u00e9cnicas del VI Foro y se divulg\u00f3 lel \u201cActa de la Cumbre de Gobernadores de Campo Grande\u201d, documento que consolida las principales orientaciones del evento.<\/p>","protected":false},"excerpt":{"rendered":"<p>CAMPO GRANDE &#8211; Entre el 18 y el 20 de febrero se realiz\u00f3 en el Centro de Convenciones Arquitecto Rubens Gil de Camillo, en el Parque dos Poderes (Mato Grosso do Sul, Brasil), el VI Foro de Integraci\u00f3n de los Territorios Subnacionales del Corredor Bioce\u00e1nico de Capricornio. Reunidos en el marco del Seminario Internacional de [&hellip;]<\/p>\n","protected":false},"author":9,"featured_media":3558,"comment_status":"open","ping_status":"open","sticky":false,"template":"","format":"standard","meta":{"_acf_changed":false,"_relevanssi_hide_post":"","_relevanssi_hide_content":"","_relevanssi_pin_for_all":"","_relevanssi_pin_keywords":"","_relevanssi_unpin_keywords":"","_relevanssi_related_keywords":"","_relevanssi_related_include_ids":"","_relevanssi_related_exclude_ids":"","_relevanssi_related_no_append":"","_relevanssi_related_not_related":"","_relevanssi_related_posts":"","_relevanssi_noindex_reason":"","footnotes":""},"categories":[1],"tags":[152,153],"class_list":["post-3557","post","type-post","status-publish","format-standard","has-post-thumbnail","hentry","category-comunicados-de-prensa","tag-campo-grande","tag-foro"],"acf":[],"yoast_head":"<!-- This site is optimized with the Yoast SEO plugin v25.5 - https:\/\/yoast.com\/wordpress\/plugins\/seo\/ -->\n<title>Concluy\u00f3 en Campo Grande el VI Foro de Integraci\u00f3n del Corredor Bioce\u00e1nico de Capricornio - Corredor Bioce\u00e1nico de Capricornio<\/title>\n<meta name=\"robots\" content=\"index, follow, max-snippet:-1, max-image-preview:large, max-video-preview:-1\" \/>\n<link rel=\"canonical\" href=\"https:\/\/corredorbioceanico.org\/br-el-vi-foro-de-integracion-se-realizara-del-18-al-20-de-febero-en-campo-grande\/\" \/>\n<meta property=\"og:locale\" content=\"es_ES\" \/>\n<meta property=\"og:type\" content=\"article\" \/>\n<meta property=\"og:title\" content=\"[:es]Concluy\u00f3 en Campo Grande el VI Foro de Integraci\u00f3n del Corredor Bioce\u00e1nico de Capricornio[:pb]Concluiu em Campo Grande o VI F\u00f3rum de Integra\u00e7\u00e3o do Corredor Bioce\u00e2nico de Capricornio[:en]Concluded in Campo Grande: VI Integration Forum of the Capricorn Bioceanic Corridor[:] - Corredor Bioce\u00e1nico de Capricornio\" \/>\n<meta property=\"og:description\" content=\"CAMPO GRANDE &#8211; Entre el 18 y el 20 de febrero se realiz\u00f3 en el Centro de Convenciones Arquitecto Rubens Gil de Camillo, en el Parque dos Poderes (Mato Grosso do Sul, Brasil), el VI Foro de Integraci\u00f3n de los Territorios Subnacionales del Corredor Bioce\u00e1nico de Capricornio. Reunidos en el marco del Seminario Internacional de [&hellip;]\" \/>\n<meta property=\"og:url\" content=\"https:\/\/corredorbioceanico.org\/br-el-vi-foro-de-integracion-se-realizara-del-18-al-20-de-febero-en-campo-grande\/\" \/>\n<meta property=\"og:site_name\" content=\"Corredor Bioce\u00e1nico de Capricornio\" \/>\n<meta property=\"article:published_time\" content=\"2025-02-21T14:45:15+00:00\" \/>\n<meta property=\"article:modified_time\" content=\"2025-02-21T20:22:08+00:00\" \/>\n<meta property=\"og:image\" content=\"https:\/\/corredorbioceanico.org\/cms\/wp-content\/uploads\/2025\/02\/Logo.jpg\" \/>\n\t<meta property=\"og:image:width\" content=\"481\" \/>\n\t<meta property=\"og:image:height\" content=\"280\" \/>\n\t<meta property=\"og:image:type\" content=\"image\/jpeg\" \/>\n<meta name=\"author\" content=\"Roberto Escardo\" \/>\n<meta name=\"twitter:card\" content=\"summary_large_image\" \/>\n<meta name=\"twitter:label1\" content=\"Escrito por\" \/>\n\t<meta name=\"twitter:data1\" content=\"Roberto Escardo\" \/>\n\t<meta name=\"twitter:label2\" content=\"Tiempo de lectura\" \/>\n\t<meta name=\"twitter:data2\" content=\"18 minutos\" \/>\n<script type=\"application\/ld+json\" class=\"yoast-schema-graph\">{\"@context\":\"https:\/\/schema.org\",\"@graph\":[{\"@type\":\"Article\",\"@id\":\"https:\/\/corredorbioceanico.org\/br-el-vi-foro-de-integracion-se-realizara-del-18-al-20-de-febero-en-campo-grande\/#article\",\"isPartOf\":{\"@id\":\"https:\/\/corredorbioceanico.org\/br-el-vi-foro-de-integracion-se-realizara-del-18-al-20-de-febero-en-campo-grande\/\"},\"author\":{\"name\":\"Roberto Escardo\",\"@id\":\"https:\/\/corredorbioceanico.org\/es\/#\/schema\/person\/888a9b2685f459c47b4db4b3d8aa8e2f\"},\"headline\":\"Concluy\u00f3 en Campo Grande el VI Foro de Integraci\u00f3n del Corredor Bioce\u00e1nico de Capricornio\",\"datePublished\":\"2025-02-21T14:45:15+00:00\",\"dateModified\":\"2025-02-21T20:22:08+00:00\",\"mainEntityOfPage\":{\"@id\":\"https:\/\/corredorbioceanico.org\/br-el-vi-foro-de-integracion-se-realizara-del-18-al-20-de-febero-en-campo-grande\/\"},\"wordCount\":3667,\"commentCount\":0,\"publisher\":{\"@id\":\"https:\/\/corredorbioceanico.org\/es\/#organization\"},\"image\":{\"@id\":\"https:\/\/corredorbioceanico.org\/br-el-vi-foro-de-integracion-se-realizara-del-18-al-20-de-febero-en-campo-grande\/#primaryimage\"},\"thumbnailUrl\":\"https:\/\/corredorbioceanico.org\/cms\/wp-content\/uploads\/2025\/02\/Logo.jpg\",\"keywords\":[\"Campo Grande\",\"Foro\"],\"articleSection\":[\"Comunicados de Prensa\"],\"inLanguage\":\"es\",\"potentialAction\":[{\"@type\":\"CommentAction\",\"name\":\"Comment\",\"target\":[\"https:\/\/corredorbioceanico.org\/br-el-vi-foro-de-integracion-se-realizara-del-18-al-20-de-febero-en-campo-grande\/#respond\"]}]},{\"@type\":\"WebPage\",\"@id\":\"https:\/\/corredorbioceanico.org\/br-el-vi-foro-de-integracion-se-realizara-del-18-al-20-de-febero-en-campo-grande\/\",\"url\":\"https:\/\/corredorbioceanico.org\/br-el-vi-foro-de-integracion-se-realizara-del-18-al-20-de-febero-en-campo-grande\/\",\"name\":\"[:es]Concluy\u00f3 en Campo Grande el VI Foro de Integraci\u00f3n del Corredor Bioce\u00e1nico de Capricornio[:pb]Concluiu em Campo Grande o VI F\u00f3rum de Integra\u00e7\u00e3o do Corredor Bioce\u00e2nico de Capricornio[:en]Concluded in Campo Grande: VI Integration Forum of the Capricorn Bioceanic Corridor[:] - Corredor Bioce\u00e1nico de Capricornio\",\"isPartOf\":{\"@id\":\"https:\/\/corredorbioceanico.org\/es\/#website\"},\"primaryImageOfPage\":{\"@id\":\"https:\/\/corredorbioceanico.org\/br-el-vi-foro-de-integracion-se-realizara-del-18-al-20-de-febero-en-campo-grande\/#primaryimage\"},\"image\":{\"@id\":\"https:\/\/corredorbioceanico.org\/br-el-vi-foro-de-integracion-se-realizara-del-18-al-20-de-febero-en-campo-grande\/#primaryimage\"},\"thumbnailUrl\":\"https:\/\/corredorbioceanico.org\/cms\/wp-content\/uploads\/2025\/02\/Logo.jpg\",\"datePublished\":\"2025-02-21T14:45:15+00:00\",\"dateModified\":\"2025-02-21T20:22:08+00:00\",\"breadcrumb\":{\"@id\":\"https:\/\/corredorbioceanico.org\/br-el-vi-foro-de-integracion-se-realizara-del-18-al-20-de-febero-en-campo-grande\/#breadcrumb\"},\"inLanguage\":\"es\",\"potentialAction\":[{\"@type\":\"ReadAction\",\"target\":[\"https:\/\/corredorbioceanico.org\/br-el-vi-foro-de-integracion-se-realizara-del-18-al-20-de-febero-en-campo-grande\/\"]}]},{\"@type\":\"ImageObject\",\"inLanguage\":\"es\",\"@id\":\"https:\/\/corredorbioceanico.org\/br-el-vi-foro-de-integracion-se-realizara-del-18-al-20-de-febero-en-campo-grande\/#primaryimage\",\"url\":\"https:\/\/corredorbioceanico.org\/cms\/wp-content\/uploads\/2025\/02\/Logo.jpg\",\"contentUrl\":\"https:\/\/corredorbioceanico.org\/cms\/wp-content\/uploads\/2025\/02\/Logo.jpg\",\"width\":481,\"height\":280},{\"@type\":\"BreadcrumbList\",\"@id\":\"https:\/\/corredorbioceanico.org\/br-el-vi-foro-de-integracion-se-realizara-del-18-al-20-de-febero-en-campo-grande\/#breadcrumb\",\"itemListElement\":[{\"@type\":\"ListItem\",\"position\":1,\"name\":\"Portada\",\"item\":\"https:\/\/corredorbioceanico.org\/es\/\"},{\"@type\":\"ListItem\",\"position\":2,\"name\":\"Concluy\u00f3 en Campo Grande el VI Foro de Integraci\u00f3n del Corredor Bioce\u00e1nico de Capricornio\"}]},{\"@type\":\"WebSite\",\"@id\":\"https:\/\/corredorbioceanico.org\/es\/#website\",\"url\":\"https:\/\/corredorbioceanico.org\/es\/\",\"name\":\"Corredor Bioce\u00e1nico de Capricornio\",\"description\":\"Sitio Web del Corredor Bioce\u00e1nico de Capricornio\",\"publisher\":{\"@id\":\"https:\/\/corredorbioceanico.org\/es\/#organization\"},\"potentialAction\":[{\"@type\":\"SearchAction\",\"target\":{\"@type\":\"EntryPoint\",\"urlTemplate\":\"https:\/\/corredorbioceanico.org\/es\/?s={search_term_string}\"},\"query-input\":{\"@type\":\"PropertyValueSpecification\",\"valueRequired\":true,\"valueName\":\"search_term_string\"}}],\"inLanguage\":\"es\"},{\"@type\":\"Organization\",\"@id\":\"https:\/\/corredorbioceanico.org\/es\/#organization\",\"name\":\"Corredor Bioce\u00e1nico de Capricornio\",\"url\":\"https:\/\/corredorbioceanico.org\/es\/\",\"logo\":{\"@type\":\"ImageObject\",\"inLanguage\":\"es\",\"@id\":\"https:\/\/corredorbioceanico.org\/es\/#\/schema\/logo\/image\/\",\"url\":\"https:\/\/corredorbioceanico.org\/cms\/wp-content\/uploads\/2025\/02\/CBC_ID_WEB_1B.png\",\"contentUrl\":\"https:\/\/corredorbioceanico.org\/cms\/wp-content\/uploads\/2025\/02\/CBC_ID_WEB_1B.png\",\"width\":652,\"height\":200,\"caption\":\"Corredor Bioce\u00e1nico de Capricornio\"},\"image\":{\"@id\":\"https:\/\/corredorbioceanico.org\/es\/#\/schema\/logo\/image\/\"}},{\"@type\":\"Person\",\"@id\":\"https:\/\/corredorbioceanico.org\/es\/#\/schema\/person\/888a9b2685f459c47b4db4b3d8aa8e2f\",\"name\":\"Roberto Escardo\",\"image\":{\"@type\":\"ImageObject\",\"inLanguage\":\"es\",\"@id\":\"https:\/\/corredorbioceanico.org\/es\/#\/schema\/person\/image\/\",\"url\":\"https:\/\/secure.gravatar.com\/avatar\/da3b73f5368aef7528bf140a20a9766b?s=96&d=mm&r=g\",\"contentUrl\":\"https:\/\/secure.gravatar.com\/avatar\/da3b73f5368aef7528bf140a20a9766b?s=96&d=mm&r=g\",\"caption\":\"Roberto Escardo\"},\"url\":\"https:\/\/corredorbioceanico.org\/es\/author\/roberto-c-escardogmail-com\/\"}]}<\/script>\n<!-- \/ Yoast SEO plugin. -->","yoast_head_json":{"title":"[:es]Concluy\u00f3 en Campo Grande el VI Foro de Integraci\u00f3n del Corredor Bioce\u00e1nico de Capricornio[:pb]Concluiu em Campo Grande o VI F\u00f3rum de Integra\u00e7\u00e3o do Corredor Bioce\u00e2nico de Capricornio[:en]Concluded in Campo Grande: VI Integration Forum of the Capricorn Bioceanic Corridor[:] - Corredor Bioce\u00e1nico de Capricornio","robots":{"index":"index","follow":"follow","max-snippet":"max-snippet:-1","max-image-preview":"max-image-preview:large","max-video-preview":"max-video-preview:-1"},"canonical":"https:\/\/corredorbioceanico.org\/br-el-vi-foro-de-integracion-se-realizara-del-18-al-20-de-febero-en-campo-grande\/","og_locale":"es_ES","og_type":"article","og_title":"[:es]Concluy\u00f3 en Campo Grande el VI Foro de Integraci\u00f3n del Corredor Bioce\u00e1nico de Capricornio[:pb]Concluiu em Campo Grande o VI F\u00f3rum de Integra\u00e7\u00e3o do Corredor Bioce\u00e2nico de Capricornio[:en]Concluded in Campo Grande: VI Integration Forum of the Capricorn Bioceanic Corridor[:] - Corredor Bioce\u00e1nico de Capricornio","og_description":"CAMPO GRANDE &#8211; Entre el 18 y el 20 de febrero se realiz\u00f3 en el Centro de Convenciones Arquitecto Rubens Gil de Camillo, en el Parque dos Poderes (Mato Grosso do Sul, Brasil), el VI Foro de Integraci\u00f3n de los Territorios Subnacionales del Corredor Bioce\u00e1nico de Capricornio. Reunidos en el marco del Seminario Internacional de [&hellip;]","og_url":"https:\/\/corredorbioceanico.org\/br-el-vi-foro-de-integracion-se-realizara-del-18-al-20-de-febero-en-campo-grande\/","og_site_name":"Corredor Bioce\u00e1nico de Capricornio","article_published_time":"2025-02-21T14:45:15+00:00","article_modified_time":"2025-02-21T20:22:08+00:00","og_image":[{"width":481,"height":280,"url":"https:\/\/corredorbioceanico.org\/cms\/wp-content\/uploads\/2025\/02\/Logo.jpg","type":"image\/jpeg"}],"author":"Roberto Escardo","twitter_card":"summary_large_image","twitter_misc":{"Escrito por":"Roberto Escardo","Tiempo de lectura":"18 minutos"},"schema":{"@context":"https:\/\/schema.org","@graph":[{"@type":"Article","@id":"https:\/\/corredorbioceanico.org\/br-el-vi-foro-de-integracion-se-realizara-del-18-al-20-de-febero-en-campo-grande\/#article","isPartOf":{"@id":"https:\/\/corredorbioceanico.org\/br-el-vi-foro-de-integracion-se-realizara-del-18-al-20-de-febero-en-campo-grande\/"},"author":{"name":"Roberto Escardo","@id":"https:\/\/corredorbioceanico.org\/es\/#\/schema\/person\/888a9b2685f459c47b4db4b3d8aa8e2f"},"headline":"Concluy\u00f3 en Campo Grande el VI Foro de Integraci\u00f3n del Corredor Bioce\u00e1nico de Capricornio","datePublished":"2025-02-21T14:45:15+00:00","dateModified":"2025-02-21T20:22:08+00:00","mainEntityOfPage":{"@id":"https:\/\/corredorbioceanico.org\/br-el-vi-foro-de-integracion-se-realizara-del-18-al-20-de-febero-en-campo-grande\/"},"wordCount":3667,"commentCount":0,"publisher":{"@id":"https:\/\/corredorbioceanico.org\/es\/#organization"},"image":{"@id":"https:\/\/corredorbioceanico.org\/br-el-vi-foro-de-integracion-se-realizara-del-18-al-20-de-febero-en-campo-grande\/#primaryimage"},"thumbnailUrl":"https:\/\/corredorbioceanico.org\/cms\/wp-content\/uploads\/2025\/02\/Logo.jpg","keywords":["Campo Grande","Foro"],"articleSection":["Comunicados de Prensa"],"inLanguage":"es","potentialAction":[{"@type":"CommentAction","name":"Comment","target":["https:\/\/corredorbioceanico.org\/br-el-vi-foro-de-integracion-se-realizara-del-18-al-20-de-febero-en-campo-grande\/#respond"]}]},{"@type":"WebPage","@id":"https:\/\/corredorbioceanico.org\/br-el-vi-foro-de-integracion-se-realizara-del-18-al-20-de-febero-en-campo-grande\/","url":"https:\/\/corredorbioceanico.org\/br-el-vi-foro-de-integracion-se-realizara-del-18-al-20-de-febero-en-campo-grande\/","name":"[:es]Concluy\u00f3 en Campo Grande el VI Foro de Integraci\u00f3n del Corredor Bioce\u00e1nico de Capricornio[:pb]Concluiu em Campo Grande o VI F\u00f3rum de Integra\u00e7\u00e3o do Corredor Bioce\u00e2nico de Capricornio[:en]Concluded in Campo Grande: VI Integration Forum of the Capricorn Bioceanic Corridor[:] - Corredor Bioce\u00e1nico de Capricornio","isPartOf":{"@id":"https:\/\/corredorbioceanico.org\/es\/#website"},"primaryImageOfPage":{"@id":"https:\/\/corredorbioceanico.org\/br-el-vi-foro-de-integracion-se-realizara-del-18-al-20-de-febero-en-campo-grande\/#primaryimage"},"image":{"@id":"https:\/\/corredorbioceanico.org\/br-el-vi-foro-de-integracion-se-realizara-del-18-al-20-de-febero-en-campo-grande\/#primaryimage"},"thumbnailUrl":"https:\/\/corredorbioceanico.org\/cms\/wp-content\/uploads\/2025\/02\/Logo.jpg","datePublished":"2025-02-21T14:45:15+00:00","dateModified":"2025-02-21T20:22:08+00:00","breadcrumb":{"@id":"https:\/\/corredorbioceanico.org\/br-el-vi-foro-de-integracion-se-realizara-del-18-al-20-de-febero-en-campo-grande\/#breadcrumb"},"inLanguage":"es","potentialAction":[{"@type":"ReadAction","target":["https:\/\/corredorbioceanico.org\/br-el-vi-foro-de-integracion-se-realizara-del-18-al-20-de-febero-en-campo-grande\/"]}]},{"@type":"ImageObject","inLanguage":"es","@id":"https:\/\/corredorbioceanico.org\/br-el-vi-foro-de-integracion-se-realizara-del-18-al-20-de-febero-en-campo-grande\/#primaryimage","url":"https:\/\/corredorbioceanico.org\/cms\/wp-content\/uploads\/2025\/02\/Logo.jpg","contentUrl":"https:\/\/corredorbioceanico.org\/cms\/wp-content\/uploads\/2025\/02\/Logo.jpg","width":481,"height":280},{"@type":"BreadcrumbList","@id":"https:\/\/corredorbioceanico.org\/br-el-vi-foro-de-integracion-se-realizara-del-18-al-20-de-febero-en-campo-grande\/#breadcrumb","itemListElement":[{"@type":"ListItem","position":1,"name":"Portada","item":"https:\/\/corredorbioceanico.org\/es\/"},{"@type":"ListItem","position":2,"name":"Concluy\u00f3 en Campo Grande el VI Foro de Integraci\u00f3n del Corredor Bioce\u00e1nico de Capricornio"}]},{"@type":"WebSite","@id":"https:\/\/corredorbioceanico.org\/es\/#website","url":"https:\/\/corredorbioceanico.org\/es\/","name":"Corredor Bioce\u00e1nico de Capricornio","description":"Sitio Web del Corredor Bioce\u00e1nico de Capricornio","publisher":{"@id":"https:\/\/corredorbioceanico.org\/es\/#organization"},"potentialAction":[{"@type":"SearchAction","target":{"@type":"EntryPoint","urlTemplate":"https:\/\/corredorbioceanico.org\/es\/?s={search_term_string}"},"query-input":{"@type":"PropertyValueSpecification","valueRequired":true,"valueName":"search_term_string"}}],"inLanguage":"es"},{"@type":"Organization","@id":"https:\/\/corredorbioceanico.org\/es\/#organization","name":"Corredor Bioce\u00e1nico de Capricornio","url":"https:\/\/corredorbioceanico.org\/es\/","logo":{"@type":"ImageObject","inLanguage":"es","@id":"https:\/\/corredorbioceanico.org\/es\/#\/schema\/logo\/image\/","url":"https:\/\/corredorbioceanico.org\/cms\/wp-content\/uploads\/2025\/02\/CBC_ID_WEB_1B.png","contentUrl":"https:\/\/corredorbioceanico.org\/cms\/wp-content\/uploads\/2025\/02\/CBC_ID_WEB_1B.png","width":652,"height":200,"caption":"Corredor Bioce\u00e1nico de Capricornio"},"image":{"@id":"https:\/\/corredorbioceanico.org\/es\/#\/schema\/logo\/image\/"}},{"@type":"Person","@id":"https:\/\/corredorbioceanico.org\/es\/#\/schema\/person\/888a9b2685f459c47b4db4b3d8aa8e2f","name":"Roberto Escardo","image":{"@type":"ImageObject","inLanguage":"es","@id":"https:\/\/corredorbioceanico.org\/es\/#\/schema\/person\/image\/","url":"https:\/\/secure.gravatar.com\/avatar\/da3b73f5368aef7528bf140a20a9766b?s=96&d=mm&r=g","contentUrl":"https:\/\/secure.gravatar.com\/avatar\/da3b73f5368aef7528bf140a20a9766b?s=96&d=mm&r=g","caption":"Roberto Escardo"},"url":"https:\/\/corredorbioceanico.org\/es\/author\/roberto-c-escardogmail-com\/"}]}},"_links":{"self":[{"href":"https:\/\/corredorbioceanico.org\/es\/wp-json\/wp\/v2\/posts\/3557","targetHints":{"allow":["GET"]}}],"collection":[{"href":"https:\/\/corredorbioceanico.org\/es\/wp-json\/wp\/v2\/posts"}],"about":[{"href":"https:\/\/corredorbioceanico.org\/es\/wp-json\/wp\/v2\/types\/post"}],"author":[{"embeddable":true,"href":"https:\/\/corredorbioceanico.org\/es\/wp-json\/wp\/v2\/users\/9"}],"replies":[{"embeddable":true,"href":"https:\/\/corredorbioceanico.org\/es\/wp-json\/wp\/v2\/comments?post=3557"}],"version-history":[{"count":7,"href":"https:\/\/corredorbioceanico.org\/es\/wp-json\/wp\/v2\/posts\/3557\/revisions"}],"predecessor-version":[{"id":3611,"href":"https:\/\/corredorbioceanico.org\/es\/wp-json\/wp\/v2\/posts\/3557\/revisions\/3611"}],"wp:featuredmedia":[{"embeddable":true,"href":"https:\/\/corredorbioceanico.org\/es\/wp-json\/wp\/v2\/media\/3558"}],"wp:attachment":[{"href":"https:\/\/corredorbioceanico.org\/es\/wp-json\/wp\/v2\/media?parent=3557"}],"wp:term":[{"taxonomy":"category","embeddable":true,"href":"https:\/\/corredorbioceanico.org\/es\/wp-json\/wp\/v2\/categories?post=3557"},{"taxonomy":"post_tag","embeddable":true,"href":"https:\/\/corredorbioceanico.org\/es\/wp-json\/wp\/v2\/tags?post=3557"}],"curies":[{"name":"wp","href":"https:\/\/api.w.org\/{rel}","templated":true}]}}