{"id":3930,"date":"2025-10-17T17:08:07","date_gmt":"2025-10-17T20:08:07","guid":{"rendered":"https:\/\/corredorbioceanico.org\/?p=3930"},"modified":"2025-10-17T17:10:54","modified_gmt":"2025-10-17T20:10:54","slug":"septimo-foro-por-el-corredor-bioceanico-se-desarrollo-en-jujuy-gobernador-diaz-asumio-la-presidencia-pro-tempore","status":"publish","type":"post","link":"https:\/\/corredorbioceanico.org\/es\/septimo-foro-por-el-corredor-bioceanico-se-desarrollo-en-jujuy-gobernador-diaz-asumio-la-presidencia-pro-tempore\/","title":{"rendered":"S\u00e9ptimo foro por el Corredor Bioce\u00e1nico se desarroll\u00f3 en Jujuy: gobernador D\u00edaz asumi\u00f3 la presidencia pro tempore"},"content":{"rendered":"<p>El jefe regional indic\u00f3 que el principal desaf\u00edo de este nuevo rol es, generar una misi\u00f3n al continente asi\u00e1tico para enriquecer el desarrollo de la provincia de Jujuy (Argentina) y la regi\u00f3n de Antofagasta. Asimismo, ambos territorios firmaron un acuerdo para desarrollar y ampliar los v\u00ednculos de cooperaci\u00f3n entre ambos territorios, a objeto de lograr el beneficio mutuo.<\/p>\n<p>En la provincia de Jujuy se desarroll\u00f3 el \u201cVII Foro de los Territorios Subnacionales del Corredor Bioce\u00e1nico de Capricornio (CBC)\u201d, instancia en la que participan ocho territorios subnacionales de Argentina, Brasil, Paraguay y Chile.<\/p>\n<p>En este contexto, el gobernador regional, Ricardo D\u00edaz, fue nombrado para asumir pro tempore la presidencia del s\u00e9ptimo foro, asumiendo una serie de tareas y compromisos que buscan el bienestar de la comunidad antofagastina y juje\u00f1a.<\/p>\n<p>\u201cEstamos muy contentos, agradecemos la estupenda bienvenida que nos han hecho los juje\u00f1os y las juje\u00f1as y, sobre todo, por este gran foro que hemos tenido. Se ha avanzado much\u00edsimo en temas de normativas, en temas de acuerdos bilaterales, tambi\u00e9n, firmamos un acuerdo entre Antofagasta y Jujuy y eso nos va a permitir ir potenciando a nuestros emprendedores y a los de Jujuy para que puedan generar m\u00e1s negocios, entre muchos otros beneficios\u201d, indic\u00f3.<\/p>\n<p>En relaci\u00f3n a su presidencia pro tempore, D\u00edaz se\u00f1al\u00f3 que \u201ctengo la presidencia pro tempore, y el desaf\u00edo es generar una misi\u00f3n al continente asi\u00e1tico, tenemos que llevar los productos de Jujuy hacia este continente para que exista mayor riqueza. Esto conlleva una serie de acciones, entre ellas, un fuerte trabajo de comisiones (tem\u00e1ticas) hasta la realizaci\u00f3n del pr\u00f3ximo foro que ser\u00e1 en Antofagasta en noviembre del pr\u00f3ximo a\u00f1o\u201d.<\/p>\n<p>Convenio<\/p>\n<p>El convenio de colaboraci\u00f3n entre la regi\u00f3n de Antofagasta y la provincia de Jujuy tiene como objetivo fortalecer el proceso de integraci\u00f3n e internacionalizaci\u00f3n, de ambos territorios, en torno al Corredor Bioce\u00e1nico Capricornio. Este acuerdo busca plasmar la intenci\u00f3n de las partes de apoyo mutuo y cooperaci\u00f3n, en distintos \u00e1mbitos que posibiliten su desarrollo multidimensional, en sectores, tales como: infraestructura, transporte, log\u00edstica, agroalimentos, energ\u00edas renovables, miner\u00eda, salud, educaci\u00f3n, deportes, cultura, sociedad, entre otros.<\/p>\n<p>De esa forma, las partes se comprometen a explotar las posibilidades existentes para mejorar las redes, alianzas y proyectos de cooperaci\u00f3n y hermandad entre sus respectivas instituciones, p\u00fablicas, privadas y acad\u00e9micas, lo que tendr\u00e1 como fin generar beneficios para el bien p\u00fablico de la Provincia de Jujuy y la Regi\u00f3n de Antofagasta.<\/p>\n<p>\u201cPrimero que todo, queremos ir destrabando todos los temas de permisolog\u00eda, de tr\u00e1mites que hay para los pasos fronterizos, o sea, c\u00f3mo podemos agilizar esos tr\u00e1mites. En esa l\u00ednea, hemos realizado una solicitud a los gobiernos nacionales en relaci\u00f3n a que haya mayor cantidad de funcionarios a fin de acortar los tiempos de espera de transportistas, de turistas, tambi\u00e9n, tiene que ver con el acuerdo de colaboraci\u00f3n para potenciar a los distintos emprendedores para ir fortaleciendo la exportaci\u00f3n\u201d, explic\u00f3 la autoridad.<\/p>\n<p>Sobre la labor del paso fronterizo de Jama, Ricardo D\u00edaz, detall\u00f3 que \u201cqueremos ampliar el horario de Jama porque hay mucho cami\u00f3n que queda entrampado, muchas veces con noche y en situaciones bastante complejas, debemos ir agilizando mayor cantidad de obras. El gobernador de Jujuy ha planteado la necesidad de poner una zona de descanso de camiones y nosotros mismos estamos haciendo eso en Antofagasta porque facilita el transporte. Esto adem\u00e1s permitir\u00e1 entregar mayor confort a los transportistas cuando deben esperar d\u00edas por situaciones clim\u00e1ticas, entonces, podemos generar mejores condiciones y en eso el Corredor Bioce\u00e1nico tiene que ser una buena noticia para los transportistas, emprendedores y para todos\/as\u201d.<\/p>\n<p>Por \u00faltimo, la m\u00e1xima autoridad regional indic\u00f3 que otro tema relevante es el de seguridad, \u201cya que es un tema que a todos nos complica, por ejemplo, lo relacionado a conectividad con las zonas de silencio y c\u00f3mo mejorar la relaci\u00f3n con los gobiernos nacionales para ir destrabando la falta de recursos que muchas veces impide que la infraestructura vaya avanzando mejor\u201d.<\/p>\n<p>Cabe se\u00f1alar que, con la finalidad de cumplir con los objetivos del convenio en cuesti\u00f3n, y desarrollar las iniciativas conjuntas enunciadas anteriormente, el Gobierno de la Provincia de Jujuy y el Gobierno Regional de Antofagasta, podr\u00e1n celebrar protocolos espec\u00edficos entre ellos, o incorporando otras entidades p\u00fablicas, privadas o acad\u00e9micas, tendientes a ejecutar los trabajos acordados en el documento.<\/p>\n","protected":false},"excerpt":{"rendered":"<p>El jefe regional indic\u00f3 que el principal desaf\u00edo de este nuevo rol es, generar una misi\u00f3n al continente asi\u00e1tico para enriquecer el desarrollo de la provincia de Jujuy (Argentina) y la regi\u00f3n de Antofagasta. Asimismo, ambos territorios firmaron un acuerdo para desarrollar y ampliar los v\u00ednculos de cooperaci\u00f3n entre ambos territorios, a objeto de lograr [&hellip;]<\/p>\n","protected":false},"author":8,"featured_media":3933,"comment_status":"open","ping_status":"open","sticky":false,"template":"","format":"standard","meta":{"_acf_changed":false,"_relevanssi_hide_post":"","_relevanssi_hide_content":"","_relevanssi_pin_for_all":"","_relevanssi_pin_keywords":"","_relevanssi_unpin_keywords":"","_relevanssi_related_keywords":"","_relevanssi_related_include_ids":"","_relevanssi_related_exclude_ids":"","_relevanssi_related_no_append":"","_relevanssi_related_not_related":"","_relevanssi_related_posts":"","_relevanssi_noindex_reason":"","footnotes":""},"categories":[2],"tags":[],"class_list":["post-3930","post","type-post","status-publish","format-standard","has-post-thumbnail","hentry","category-en-los-medios"],"acf":[],"yoast_head":"<!-- This site is optimized with the Yoast SEO plugin v25.5 - https:\/\/yoast.com\/wordpress\/plugins\/seo\/ -->\n<title>S\u00e9ptimo foro por el Corredor Bioce\u00e1nico se desarroll\u00f3 en Jujuy: gobernador D\u00edaz asumi\u00f3 la presidencia pro tempore - Corredor Bioce\u00e1nico de Capricornio<\/title>\n<meta name=\"robots\" content=\"index, follow, max-snippet:-1, max-image-preview:large, max-video-preview:-1\" \/>\n<link rel=\"canonical\" href=\"https:\/\/corredorbioceanico.org\/septimo-foro-por-el-corredor-bioceanico-se-desarrollo-en-jujuy-gobernador-diaz-asumio-la-presidencia-pro-tempore\/\" \/>\n<meta property=\"og:locale\" content=\"es_ES\" \/>\n<meta property=\"og:type\" content=\"article\" \/>\n<meta property=\"og:title\" content=\"[:es]S\u00e9ptimo foro por el Corredor Bioce\u00e1nico se desarroll\u00f3 en Jujuy: gobernador D\u00edaz asumi\u00f3 la presidencia pro tempore[:] - Corredor Bioce\u00e1nico de Capricornio\" \/>\n<meta property=\"og:description\" content=\"El jefe regional indic\u00f3 que el principal desaf\u00edo de este nuevo rol es, generar una misi\u00f3n al continente asi\u00e1tico para enriquecer el desarrollo de la provincia de Jujuy (Argentina) y la regi\u00f3n de Antofagasta. Asimismo, ambos territorios firmaron un acuerdo para desarrollar y ampliar los v\u00ednculos de cooperaci\u00f3n entre ambos territorios, a objeto de lograr [&hellip;]\" \/>\n<meta property=\"og:url\" content=\"https:\/\/corredorbioceanico.org\/septimo-foro-por-el-corredor-bioceanico-se-desarrollo-en-jujuy-gobernador-diaz-asumio-la-presidencia-pro-tempore\/\" \/>\n<meta property=\"og:site_name\" content=\"Corredor Bioce\u00e1nico de Capricornio\" \/>\n<meta property=\"article:published_time\" content=\"2025-10-17T20:08:07+00:00\" \/>\n<meta property=\"article:modified_time\" content=\"2025-10-17T20:10:54+00:00\" \/>\n<meta property=\"og:image\" content=\"https:\/\/corredorbioceanico.org\/cms\/wp-content\/uploads\/2025\/10\/Nota-VII-Foro-jujuy-2.jpg\" \/>\n\t<meta property=\"og:image:width\" content=\"1068\" \/>\n\t<meta property=\"og:image:height\" content=\"580\" \/>\n\t<meta property=\"og:image:type\" content=\"image\/jpeg\" \/>\n<meta name=\"author\" content=\"Federico\" \/>\n<meta name=\"twitter:card\" content=\"summary_large_image\" \/>\n<meta name=\"twitter:label1\" content=\"Escrito por\" \/>\n\t<meta name=\"twitter:data1\" content=\"Federico\" \/>\n\t<meta name=\"twitter:label2\" content=\"Tiempo de lectura\" \/>\n\t<meta name=\"twitter:data2\" content=\"4 minutos\" \/>\n<script type=\"application\/ld+json\" class=\"yoast-schema-graph\">{\"@context\":\"https:\/\/schema.org\",\"@graph\":[{\"@type\":\"Article\",\"@id\":\"https:\/\/corredorbioceanico.org\/septimo-foro-por-el-corredor-bioceanico-se-desarrollo-en-jujuy-gobernador-diaz-asumio-la-presidencia-pro-tempore\/#article\",\"isPartOf\":{\"@id\":\"https:\/\/corredorbioceanico.org\/septimo-foro-por-el-corredor-bioceanico-se-desarrollo-en-jujuy-gobernador-diaz-asumio-la-presidencia-pro-tempore\/\"},\"author\":{\"name\":\"Federico\",\"@id\":\"https:\/\/corredorbioceanico.org\/es\/#\/schema\/person\/0b9d063110b433ea33c27fd62da0937d\"},\"headline\":\"S\u00e9ptimo foro por el Corredor Bioce\u00e1nico se desarroll\u00f3 en Jujuy: gobernador D\u00edaz asumi\u00f3 la presidencia pro tempore\",\"datePublished\":\"2025-10-17T20:08:07+00:00\",\"dateModified\":\"2025-10-17T20:10:54+00:00\",\"mainEntityOfPage\":{\"@id\":\"https:\/\/corredorbioceanico.org\/septimo-foro-por-el-corredor-bioceanico-se-desarrollo-en-jujuy-gobernador-diaz-asumio-la-presidencia-pro-tempore\/\"},\"wordCount\":795,\"commentCount\":0,\"publisher\":{\"@id\":\"https:\/\/corredorbioceanico.org\/es\/#organization\"},\"image\":{\"@id\":\"https:\/\/corredorbioceanico.org\/septimo-foro-por-el-corredor-bioceanico-se-desarrollo-en-jujuy-gobernador-diaz-asumio-la-presidencia-pro-tempore\/#primaryimage\"},\"thumbnailUrl\":\"https:\/\/corredorbioceanico.org\/cms\/wp-content\/uploads\/2025\/10\/Nota-VII-Foro-jujuy-2.jpg\",\"articleSection\":[\"En los Medios\"],\"inLanguage\":\"es\",\"potentialAction\":[{\"@type\":\"CommentAction\",\"name\":\"Comment\",\"target\":[\"https:\/\/corredorbioceanico.org\/septimo-foro-por-el-corredor-bioceanico-se-desarrollo-en-jujuy-gobernador-diaz-asumio-la-presidencia-pro-tempore\/#respond\"]}]},{\"@type\":\"WebPage\",\"@id\":\"https:\/\/corredorbioceanico.org\/septimo-foro-por-el-corredor-bioceanico-se-desarrollo-en-jujuy-gobernador-diaz-asumio-la-presidencia-pro-tempore\/\",\"url\":\"https:\/\/corredorbioceanico.org\/septimo-foro-por-el-corredor-bioceanico-se-desarrollo-en-jujuy-gobernador-diaz-asumio-la-presidencia-pro-tempore\/\",\"name\":\"[:es]S\u00e9ptimo foro por el Corredor Bioce\u00e1nico se desarroll\u00f3 en Jujuy: gobernador D\u00edaz asumi\u00f3 la presidencia pro tempore[:] - Corredor Bioce\u00e1nico de Capricornio\",\"isPartOf\":{\"@id\":\"https:\/\/corredorbioceanico.org\/es\/#website\"},\"primaryImageOfPage\":{\"@id\":\"https:\/\/corredorbioceanico.org\/septimo-foro-por-el-corredor-bioceanico-se-desarrollo-en-jujuy-gobernador-diaz-asumio-la-presidencia-pro-tempore\/#primaryimage\"},\"image\":{\"@id\":\"https:\/\/corredorbioceanico.org\/septimo-foro-por-el-corredor-bioceanico-se-desarrollo-en-jujuy-gobernador-diaz-asumio-la-presidencia-pro-tempore\/#primaryimage\"},\"thumbnailUrl\":\"https:\/\/corredorbioceanico.org\/cms\/wp-content\/uploads\/2025\/10\/Nota-VII-Foro-jujuy-2.jpg\",\"datePublished\":\"2025-10-17T20:08:07+00:00\",\"dateModified\":\"2025-10-17T20:10:54+00:00\",\"breadcrumb\":{\"@id\":\"https:\/\/corredorbioceanico.org\/septimo-foro-por-el-corredor-bioceanico-se-desarrollo-en-jujuy-gobernador-diaz-asumio-la-presidencia-pro-tempore\/#breadcrumb\"},\"inLanguage\":\"es\",\"potentialAction\":[{\"@type\":\"ReadAction\",\"target\":[\"https:\/\/corredorbioceanico.org\/septimo-foro-por-el-corredor-bioceanico-se-desarrollo-en-jujuy-gobernador-diaz-asumio-la-presidencia-pro-tempore\/\"]}]},{\"@type\":\"ImageObject\",\"inLanguage\":\"es\",\"@id\":\"https:\/\/corredorbioceanico.org\/septimo-foro-por-el-corredor-bioceanico-se-desarrollo-en-jujuy-gobernador-diaz-asumio-la-presidencia-pro-tempore\/#primaryimage\",\"url\":\"https:\/\/corredorbioceanico.org\/cms\/wp-content\/uploads\/2025\/10\/Nota-VII-Foro-jujuy-2.jpg\",\"contentUrl\":\"https:\/\/corredorbioceanico.org\/cms\/wp-content\/uploads\/2025\/10\/Nota-VII-Foro-jujuy-2.jpg\",\"width\":1068,\"height\":580},{\"@type\":\"BreadcrumbList\",\"@id\":\"https:\/\/corredorbioceanico.org\/septimo-foro-por-el-corredor-bioceanico-se-desarrollo-en-jujuy-gobernador-diaz-asumio-la-presidencia-pro-tempore\/#breadcrumb\",\"itemListElement\":[{\"@type\":\"ListItem\",\"position\":1,\"name\":\"Portada\",\"item\":\"https:\/\/corredorbioceanico.org\/es\/\"},{\"@type\":\"ListItem\",\"position\":2,\"name\":\"S\u00e9ptimo foro por el Corredor Bioce\u00e1nico se desarroll\u00f3 en Jujuy: gobernador D\u00edaz asumi\u00f3 la presidencia pro tempore\"}]},{\"@type\":\"WebSite\",\"@id\":\"https:\/\/corredorbioceanico.org\/es\/#website\",\"url\":\"https:\/\/corredorbioceanico.org\/es\/\",\"name\":\"Corredor Bioce\u00e1nico de Capricornio\",\"description\":\"Sitio Web del Corredor Bioce\u00e1nico de Capricornio\",\"publisher\":{\"@id\":\"https:\/\/corredorbioceanico.org\/es\/#organization\"},\"potentialAction\":[{\"@type\":\"SearchAction\",\"target\":{\"@type\":\"EntryPoint\",\"urlTemplate\":\"https:\/\/corredorbioceanico.org\/es\/?s={search_term_string}\"},\"query-input\":{\"@type\":\"PropertyValueSpecification\",\"valueRequired\":true,\"valueName\":\"search_term_string\"}}],\"inLanguage\":\"es\"},{\"@type\":\"Organization\",\"@id\":\"https:\/\/corredorbioceanico.org\/es\/#organization\",\"name\":\"Corredor Bioce\u00e1nico de Capricornio\",\"url\":\"https:\/\/corredorbioceanico.org\/es\/\",\"logo\":{\"@type\":\"ImageObject\",\"inLanguage\":\"es\",\"@id\":\"https:\/\/corredorbioceanico.org\/es\/#\/schema\/logo\/image\/\",\"url\":\"https:\/\/corredorbioceanico.org\/cms\/wp-content\/uploads\/2025\/02\/CBC_ID_WEB_1B.png\",\"contentUrl\":\"https:\/\/corredorbioceanico.org\/cms\/wp-content\/uploads\/2025\/02\/CBC_ID_WEB_1B.png\",\"width\":652,\"height\":200,\"caption\":\"Corredor Bioce\u00e1nico de Capricornio\"},\"image\":{\"@id\":\"https:\/\/corredorbioceanico.org\/es\/#\/schema\/logo\/image\/\"}},{\"@type\":\"Person\",\"@id\":\"https:\/\/corredorbioceanico.org\/es\/#\/schema\/person\/0b9d063110b433ea33c27fd62da0937d\",\"name\":\"Federico\",\"image\":{\"@type\":\"ImageObject\",\"inLanguage\":\"es\",\"@id\":\"https:\/\/corredorbioceanico.org\/es\/#\/schema\/person\/image\/\",\"url\":\"https:\/\/secure.gravatar.com\/avatar\/4e0b49457d6078570c5e66c647b6a30f?s=96&d=mm&r=g\",\"contentUrl\":\"https:\/\/secure.gravatar.com\/avatar\/4e0b49457d6078570c5e66c647b6a30f?s=96&d=mm&r=g\",\"caption\":\"Federico\"},\"url\":\"https:\/\/corredorbioceanico.org\/es\/author\/federicomiadb-org\/\"}]}<\/script>\n<!-- \/ Yoast SEO plugin. -->","yoast_head_json":{"title":"[:es]S\u00e9ptimo foro por el Corredor Bioce\u00e1nico se desarroll\u00f3 en Jujuy: gobernador D\u00edaz asumi\u00f3 la presidencia pro tempore[:] - Corredor Bioce\u00e1nico de Capricornio","robots":{"index":"index","follow":"follow","max-snippet":"max-snippet:-1","max-image-preview":"max-image-preview:large","max-video-preview":"max-video-preview:-1"},"canonical":"https:\/\/corredorbioceanico.org\/septimo-foro-por-el-corredor-bioceanico-se-desarrollo-en-jujuy-gobernador-diaz-asumio-la-presidencia-pro-tempore\/","og_locale":"es_ES","og_type":"article","og_title":"[:es]S\u00e9ptimo foro por el Corredor Bioce\u00e1nico se desarroll\u00f3 en Jujuy: gobernador D\u00edaz asumi\u00f3 la presidencia pro tempore[:] - Corredor Bioce\u00e1nico de Capricornio","og_description":"El jefe regional indic\u00f3 que el principal desaf\u00edo de este nuevo rol es, generar una misi\u00f3n al continente asi\u00e1tico para enriquecer el desarrollo de la provincia de Jujuy (Argentina) y la regi\u00f3n de Antofagasta. Asimismo, ambos territorios firmaron un acuerdo para desarrollar y ampliar los v\u00ednculos de cooperaci\u00f3n entre ambos territorios, a objeto de lograr [&hellip;]","og_url":"https:\/\/corredorbioceanico.org\/septimo-foro-por-el-corredor-bioceanico-se-desarrollo-en-jujuy-gobernador-diaz-asumio-la-presidencia-pro-tempore\/","og_site_name":"Corredor Bioce\u00e1nico de Capricornio","article_published_time":"2025-10-17T20:08:07+00:00","article_modified_time":"2025-10-17T20:10:54+00:00","og_image":[{"width":1068,"height":580,"url":"https:\/\/corredorbioceanico.org\/cms\/wp-content\/uploads\/2025\/10\/Nota-VII-Foro-jujuy-2.jpg","type":"image\/jpeg"}],"author":"Federico","twitter_card":"summary_large_image","twitter_misc":{"Escrito por":"Federico","Tiempo de lectura":"4 minutos"},"schema":{"@context":"https:\/\/schema.org","@graph":[{"@type":"Article","@id":"https:\/\/corredorbioceanico.org\/septimo-foro-por-el-corredor-bioceanico-se-desarrollo-en-jujuy-gobernador-diaz-asumio-la-presidencia-pro-tempore\/#article","isPartOf":{"@id":"https:\/\/corredorbioceanico.org\/septimo-foro-por-el-corredor-bioceanico-se-desarrollo-en-jujuy-gobernador-diaz-asumio-la-presidencia-pro-tempore\/"},"author":{"name":"Federico","@id":"https:\/\/corredorbioceanico.org\/es\/#\/schema\/person\/0b9d063110b433ea33c27fd62da0937d"},"headline":"S\u00e9ptimo foro por el Corredor Bioce\u00e1nico se desarroll\u00f3 en Jujuy: gobernador D\u00edaz asumi\u00f3 la presidencia pro tempore","datePublished":"2025-10-17T20:08:07+00:00","dateModified":"2025-10-17T20:10:54+00:00","mainEntityOfPage":{"@id":"https:\/\/corredorbioceanico.org\/septimo-foro-por-el-corredor-bioceanico-se-desarrollo-en-jujuy-gobernador-diaz-asumio-la-presidencia-pro-tempore\/"},"wordCount":795,"commentCount":0,"publisher":{"@id":"https:\/\/corredorbioceanico.org\/es\/#organization"},"image":{"@id":"https:\/\/corredorbioceanico.org\/septimo-foro-por-el-corredor-bioceanico-se-desarrollo-en-jujuy-gobernador-diaz-asumio-la-presidencia-pro-tempore\/#primaryimage"},"thumbnailUrl":"https:\/\/corredorbioceanico.org\/cms\/wp-content\/uploads\/2025\/10\/Nota-VII-Foro-jujuy-2.jpg","articleSection":["En los Medios"],"inLanguage":"es","potentialAction":[{"@type":"CommentAction","name":"Comment","target":["https:\/\/corredorbioceanico.org\/septimo-foro-por-el-corredor-bioceanico-se-desarrollo-en-jujuy-gobernador-diaz-asumio-la-presidencia-pro-tempore\/#respond"]}]},{"@type":"WebPage","@id":"https:\/\/corredorbioceanico.org\/septimo-foro-por-el-corredor-bioceanico-se-desarrollo-en-jujuy-gobernador-diaz-asumio-la-presidencia-pro-tempore\/","url":"https:\/\/corredorbioceanico.org\/septimo-foro-por-el-corredor-bioceanico-se-desarrollo-en-jujuy-gobernador-diaz-asumio-la-presidencia-pro-tempore\/","name":"[:es]S\u00e9ptimo foro por el Corredor Bioce\u00e1nico se desarroll\u00f3 en Jujuy: gobernador D\u00edaz asumi\u00f3 la presidencia pro tempore[:] - Corredor Bioce\u00e1nico de Capricornio","isPartOf":{"@id":"https:\/\/corredorbioceanico.org\/es\/#website"},"primaryImageOfPage":{"@id":"https:\/\/corredorbioceanico.org\/septimo-foro-por-el-corredor-bioceanico-se-desarrollo-en-jujuy-gobernador-diaz-asumio-la-presidencia-pro-tempore\/#primaryimage"},"image":{"@id":"https:\/\/corredorbioceanico.org\/septimo-foro-por-el-corredor-bioceanico-se-desarrollo-en-jujuy-gobernador-diaz-asumio-la-presidencia-pro-tempore\/#primaryimage"},"thumbnailUrl":"https:\/\/corredorbioceanico.org\/cms\/wp-content\/uploads\/2025\/10\/Nota-VII-Foro-jujuy-2.jpg","datePublished":"2025-10-17T20:08:07+00:00","dateModified":"2025-10-17T20:10:54+00:00","breadcrumb":{"@id":"https:\/\/corredorbioceanico.org\/septimo-foro-por-el-corredor-bioceanico-se-desarrollo-en-jujuy-gobernador-diaz-asumio-la-presidencia-pro-tempore\/#breadcrumb"},"inLanguage":"es","potentialAction":[{"@type":"ReadAction","target":["https:\/\/corredorbioceanico.org\/septimo-foro-por-el-corredor-bioceanico-se-desarrollo-en-jujuy-gobernador-diaz-asumio-la-presidencia-pro-tempore\/"]}]},{"@type":"ImageObject","inLanguage":"es","@id":"https:\/\/corredorbioceanico.org\/septimo-foro-por-el-corredor-bioceanico-se-desarrollo-en-jujuy-gobernador-diaz-asumio-la-presidencia-pro-tempore\/#primaryimage","url":"https:\/\/corredorbioceanico.org\/cms\/wp-content\/uploads\/2025\/10\/Nota-VII-Foro-jujuy-2.jpg","contentUrl":"https:\/\/corredorbioceanico.org\/cms\/wp-content\/uploads\/2025\/10\/Nota-VII-Foro-jujuy-2.jpg","width":1068,"height":580},{"@type":"BreadcrumbList","@id":"https:\/\/corredorbioceanico.org\/septimo-foro-por-el-corredor-bioceanico-se-desarrollo-en-jujuy-gobernador-diaz-asumio-la-presidencia-pro-tempore\/#breadcrumb","itemListElement":[{"@type":"ListItem","position":1,"name":"Portada","item":"https:\/\/corredorbioceanico.org\/es\/"},{"@type":"ListItem","position":2,"name":"S\u00e9ptimo foro por el Corredor Bioce\u00e1nico se desarroll\u00f3 en Jujuy: gobernador D\u00edaz asumi\u00f3 la presidencia pro tempore"}]},{"@type":"WebSite","@id":"https:\/\/corredorbioceanico.org\/es\/#website","url":"https:\/\/corredorbioceanico.org\/es\/","name":"Corredor Bioce\u00e1nico de Capricornio","description":"Sitio Web del Corredor Bioce\u00e1nico de Capricornio","publisher":{"@id":"https:\/\/corredorbioceanico.org\/es\/#organization"},"potentialAction":[{"@type":"SearchAction","target":{"@type":"EntryPoint","urlTemplate":"https:\/\/corredorbioceanico.org\/es\/?s={search_term_string}"},"query-input":{"@type":"PropertyValueSpecification","valueRequired":true,"valueName":"search_term_string"}}],"inLanguage":"es"},{"@type":"Organization","@id":"https:\/\/corredorbioceanico.org\/es\/#organization","name":"Corredor Bioce\u00e1nico de Capricornio","url":"https:\/\/corredorbioceanico.org\/es\/","logo":{"@type":"ImageObject","inLanguage":"es","@id":"https:\/\/corredorbioceanico.org\/es\/#\/schema\/logo\/image\/","url":"https:\/\/corredorbioceanico.org\/cms\/wp-content\/uploads\/2025\/02\/CBC_ID_WEB_1B.png","contentUrl":"https:\/\/corredorbioceanico.org\/cms\/wp-content\/uploads\/2025\/02\/CBC_ID_WEB_1B.png","width":652,"height":200,"caption":"Corredor Bioce\u00e1nico de Capricornio"},"image":{"@id":"https:\/\/corredorbioceanico.org\/es\/#\/schema\/logo\/image\/"}},{"@type":"Person","@id":"https:\/\/corredorbioceanico.org\/es\/#\/schema\/person\/0b9d063110b433ea33c27fd62da0937d","name":"Federico","image":{"@type":"ImageObject","inLanguage":"es","@id":"https:\/\/corredorbioceanico.org\/es\/#\/schema\/person\/image\/","url":"https:\/\/secure.gravatar.com\/avatar\/4e0b49457d6078570c5e66c647b6a30f?s=96&d=mm&r=g","contentUrl":"https:\/\/secure.gravatar.com\/avatar\/4e0b49457d6078570c5e66c647b6a30f?s=96&d=mm&r=g","caption":"Federico"},"url":"https:\/\/corredorbioceanico.org\/es\/author\/federicomiadb-org\/"}]}},"_links":{"self":[{"href":"https:\/\/corredorbioceanico.org\/es\/wp-json\/wp\/v2\/posts\/3930","targetHints":{"allow":["GET"]}}],"collection":[{"href":"https:\/\/corredorbioceanico.org\/es\/wp-json\/wp\/v2\/posts"}],"about":[{"href":"https:\/\/corredorbioceanico.org\/es\/wp-json\/wp\/v2\/types\/post"}],"author":[{"embeddable":true,"href":"https:\/\/corredorbioceanico.org\/es\/wp-json\/wp\/v2\/users\/8"}],"replies":[{"embeddable":true,"href":"https:\/\/corredorbioceanico.org\/es\/wp-json\/wp\/v2\/comments?post=3930"}],"version-history":[{"count":2,"href":"https:\/\/corredorbioceanico.org\/es\/wp-json\/wp\/v2\/posts\/3930\/revisions"}],"predecessor-version":[{"id":3934,"href":"https:\/\/corredorbioceanico.org\/es\/wp-json\/wp\/v2\/posts\/3930\/revisions\/3934"}],"wp:featuredmedia":[{"embeddable":true,"href":"https:\/\/corredorbioceanico.org\/es\/wp-json\/wp\/v2\/media\/3933"}],"wp:attachment":[{"href":"https:\/\/corredorbioceanico.org\/es\/wp-json\/wp\/v2\/media?parent=3930"}],"wp:term":[{"taxonomy":"category","embeddable":true,"href":"https:\/\/corredorbioceanico.org\/es\/wp-json\/wp\/v2\/categories?post=3930"},{"taxonomy":"post_tag","embeddable":true,"href":"https:\/\/corredorbioceanico.org\/es\/wp-json\/wp\/v2\/tags?post=3930"}],"curies":[{"name":"wp","href":"https:\/\/api.w.org\/{rel}","templated":true}]}}