{"id":3557,"date":"2025-02-21T11:45:15","date_gmt":"2025-02-21T14:45:15","guid":{"rendered":"https:\/\/corredorbioceanico.org\/?p=3557"},"modified":"2025-02-21T17:22:08","modified_gmt":"2025-02-21T20:22:08","slug":"br-el-vi-foro-de-integracion-se-realizara-del-18-al-20-de-febero-en-campo-grande","status":"publish","type":"post","link":"https:\/\/corredorbioceanico.org\/pb\/br-el-vi-foro-de-integracion-se-realizara-del-18-al-20-de-febero-en-campo-grande\/","title":{"rendered":"Concluiu em Campo Grande o VI F\u00f3rum de Integra\u00e7\u00e3o do Corredor Bioce\u00e2nico de Capricornio"},"content":{"rendered":"<p><\/p>\n<div tabindex=\"0\" role=\"article\" data-tabster=\"{&quot;groupper&quot;:{&quot;tabbability&quot;:2},&quot;focusable&quot;:{}}\" data-content=\"ai-message\" aria-labelledby=\"5t7k2ToPGC5CghaopNCWx-author} 5t7k2ToPGC5CghaopNCWx-content-0\">\n<div id=\"5t7k2ToPGC5CghaopNCWx-content-0\">\n<p>CAMPO GRANDE &#8211; Entre os dias 18 e 20 de fevereiro, foi realizado no Centro de Conven\u00e7\u00f5es Arquiteto Rubens Gil de Camillo, no Parque dos Poderes (Mato Grosso do Sul, Brasil), o VI F\u00f3rum de Integra\u00e7\u00e3o dos Territ\u00f3rios Subnacionais do Corredor Bioce\u00e2nico de Capricornio.<\/p>\n<p>Reunidos no \u00e2mbito do Semin\u00e1rio Internacional da Rota Bioce\u00e2nica, os participantes discutiram sobre temas aduaneiros, infraestrutura, seguran\u00e7a, log\u00edstica, oportunidades de neg\u00f3cios em com\u00e9rcio exterior e internacional, bem como turismo e outras \u00e1reas socioecon\u00f4micas. O evento foi organizado pelo Governo de Mato Grosso do Sul, atrav\u00e9s da Secretaria de Meio Ambiente, Desenvolvimento, Ci\u00eancia, Tecnologia e Inova\u00e7\u00e3o (Semadesc), com o apoio da Federa\u00e7\u00e3o das Ind\u00fastrias do Estado de Mato Grosso do Sul (Fiems) e Sebrae-MS.<\/p>\n<p>Por sua vez, os Governadores e autoridades dos oito territ\u00f3rios subnacionais do Brasil, Paraguai, Argentina e Chile que comp\u00f5em o Corredor Bioce\u00e2nico de Capricornio ratificaram seu compromisso de fortalecer o Corredor Bioce\u00e2nico de Capricornio como um catalisador da integra\u00e7\u00e3o regional e promotor do desenvolvimento sustent\u00e1vel e da conectividade regional, buscando melhorar a qualidade de vida de seus habitantes.<\/p>\n<p><strong>C\u00fapula de Governadores<\/strong><\/p>\n<p>A C\u00fapula de Governadores foi presidida pelo Sr. Eduardo Correa Riedel, Governador de Mato Grosso do Sul. Os temas tratados foram os seguintes:<\/p>\n<p>Plano Diretor de Integra\u00e7\u00e3o e Desenvolvimento do CBC. Imagem Corporativa e Site do F\u00f3rum. Diretrizes de Funcionamento do F\u00f3rum dos Territ\u00f3rios Subnacionais do Corredor Bioce\u00e2nico de Capricornio. Secretaria T\u00e9cnica do F\u00f3rum a cargo do Banco Interamericano de Desenvolvimento (BID). Presid\u00eancia Pro Tempore 2025. Local e data da VII Reuni\u00e3o do F\u00f3rum. Acordo de Coopera\u00e7\u00e3o T\u00e9cnica entre a Prov\u00edncia de Jujuy, Argentina e o Estado de Mato Grosso do Sul, Brasil. Comiss\u00f5es T\u00e9cnicas.<\/p>\n<p>Acordos alcan\u00e7ados:<\/p>\n<ol start=\"1\">\n<li><strong>Plano Diretor de Integra\u00e7\u00e3o e Desenvolvimento do CBC<\/strong><\/li>\n<\/ol>\n<p>Foram apresentados os avan\u00e7os do Plano Diretor Regional de Integra\u00e7\u00e3o e Desenvolvimento do Corredor Bioce\u00e2nico de Capricornio (CBC), Bem P\u00fablico Regional financiado pelo Banco Interamericano de Desenvolvimento (BID) e executado em conjunto com a Comiss\u00e3o Executiva do F\u00f3rum.<\/p>\n<ol start=\"2\">\n<li><strong>Imagem corporativa e site do F\u00f3rum<\/strong><\/li>\n<\/ol>\n<p>Foram apresentadas para considera\u00e7\u00e3o dos Governadores as propostas de imagem corporativa do F\u00f3rum e seu site, desenvolvidas pela Comiss\u00e3o Executiva com o apoio do BID.<\/p>\n<p>Os Governadores felicitaram esse trabalho e aprovaram o Logotipo do F\u00f3rum dos Territ\u00f3rios Subnacionais do Corredor Bioce\u00e2nico de Capricornio e o Site, e mandataram a Comiss\u00e3o Executiva para realizar uma atualiza\u00e7\u00e3o peri\u00f3dica de seus conte\u00fados.<\/p>\n<p>O Site oficial do F\u00f3rum \u00e9: <button type=\"button\">https:\/\/corredorbioceanico.org\/<\/button><\/p>\n<ol start=\"3\">\n<li><strong>Diretrizes de Funcionamento do F\u00f3rum dos Territ\u00f3rios Subnacionais do Corredor Bioce\u00e2nico de Capricornio<\/strong><\/li>\n<\/ol>\n<p>Foi apresentada para considera\u00e7\u00e3o dos Governadores a proposta de \u201cDiretrizes para o Funcionamento do F\u00f3rum dos Territ\u00f3rios Subnacionais do Corredor Bioce\u00e2nico de Capricornio\u201d que re\u00fane os procedimentos de funcionamento do F\u00f3rum, e suas inst\u00e2ncias de trabalho: a C\u00fapula de Governadores, a Comiss\u00e3o Executiva, as Comiss\u00f5es de Trabalho e a Secretaria T\u00e9cnica.<\/p>\n<p>Essa proposta \u00e9 consequente com o acordo assinado na IV Reuni\u00e3o do F\u00f3rum realizada na cidade de Iquique, Regi\u00e3o de Tarapac\u00e1, Chile, que instru\u00eda a cria\u00e7\u00e3o de uma Comiss\u00e3o Executiva que \u201cgere a din\u00e2mica do corredor, desenvolva um trabalho de an\u00e1lise e propostas para continuar avan\u00e7ando na institucionalidade das reuni\u00f5es dos Governadores Regionais dos Estados Subnacionais e articule o trabalho t\u00e9cnico das diversas comiss\u00f5es\u201d.<\/p>\n<p>Os Governadores felicitaram esse trabalho e deixaram aprovadas as \u201cDiretrizes para o Funcionamento do F\u00f3rum dos Territ\u00f3rios Subnacionais do Corredor Bioce\u00e2nico de Capricornio\u201d, que ficaram apresentadas como Anexo X.<\/p>\n<ol start=\"4\">\n<li><strong>Secretaria T\u00e9cnica do F\u00f3rum<\/strong><\/li>\n<\/ol>\n<p>Destacando o apoio que o Banco Interamericano de Desenvolvimento (BID) tem proporcionado aos territ\u00f3rios subnacionais desde a cria\u00e7\u00e3o do F\u00f3rum, incluindo a aprova\u00e7\u00e3o e execu\u00e7\u00e3o do Bem P\u00fablico Regional \u201cPlano Diretor de Integra\u00e7\u00e3o e Desenvolvimento do Corredor Bioce\u00e2nico de Capricornio\u201d; e considerando que as \u201cDiretrizes de Funcionamento\u201d aprovadas no ponto anterior incluem a forma\u00e7\u00e3o de uma Secretaria T\u00e9cnica, os Governadores solicitaram ao BID que exer\u00e7a a Secretaria T\u00e9cnica do F\u00f3rum. Essa solicita\u00e7\u00e3o foi aceita por esse organismo, que assume essa fun\u00e7\u00e3o a partir da publica\u00e7\u00e3o desta Ata.<\/p>\n<ol start=\"5\">\n<li><strong>Presid\u00eancia Protempore 2025 do F\u00f3rum<\/strong><\/li>\n<\/ol>\n<p>Os Governadores estabelecem como Presid\u00eancia Pro Tempore 2025 a Prov\u00edncia de Jujuy (Argentina), para o per\u00edodo compreendido entre este encontro e a VII Reuni\u00e3o do F\u00f3rum a ser realizada na cidade de San Salvador de Jujuy em novembro de 2025.<\/p>\n<p>Os Governadores acordam de agora em diante realizar uma Reuni\u00e3o Anual do F\u00f3rum, no decorrer do m\u00eas de novembro. Nessa oportunidade ser\u00e1 estabelecida a Prov\u00edncia\/Estado\/Regi\u00e3o\/Departamento que assumir\u00e1 a Presid\u00eancia Pro Tempore do F\u00f3rum para o ano seguinte.<\/p>\n<ol start=\"6\">\n<li><strong>Protocolo de Inten\u00e7\u00f5es entre o Estado de Mato Grosso do Sul, Brasil, e o Minist\u00e9rio da Ind\u00fastria e Com\u00e9rcio da Rep\u00fablica do Paraguai<\/strong><\/li>\n<\/ol>\n<p>Os Governadores celebram o acordo de Coopera\u00e7\u00e3o T\u00e9cnica entre a Prov\u00edncia de Jujuy, Argentina e o Estado de Mato Grosso do Sul, Brasil. O acordo \u00e9 apresentado como Anexo 2<\/p>\n<ol start=\"7\">\n<li><strong>Memorando de entendimento entre a Prov\u00edncia de Jujuy, Argentina e o Estado de Mato Grosso do Sul, Brasil.<\/strong><\/li>\n<\/ol>\n<p>Os Governadores celebram o Memorando de entendimento entre a Prov\u00edncia de Jujuy, Argentina e o Estado de Mato Grosso do Sul, Brasil. O acordo \u00e9 apresentado como Anexo 3.<\/p>\n<ol start=\"8\">\n<li><strong>Comiss\u00f5es T\u00e9cnicas<\/strong><\/li>\n<\/ol>\n<p>Os Governadores celebram as reuni\u00f5es realizadas pelas diversas Comiss\u00f5es T\u00e9cnicas e instam os respons\u00e1veis ao cumprimento dos acordos alcan\u00e7ados e \u00e0 apresenta\u00e7\u00e3o de resultados na VII Reuni\u00e3o do F\u00f3rum.<\/p>\n<p>As atas das Comiss\u00f5es T\u00e9cnicas s\u00e3o apresentadas como Anexos X.<\/p>\n<p>Por fim, os Governadores agradeceram aos organizadores da VI Reuni\u00e3o do F\u00f3rum de Campo Grande pelo grande esfor\u00e7o despendido, que permitiu reunir representantes do setor privado em uma rodada de neg\u00f3cios e os atores da sociedade civil, academia e setor p\u00fablico, em um importante Semin\u00e1rio Internacional que possibilitou divulgar os avan\u00e7os e desafios que o estabelecimento do Corredor Bioce\u00e2nico de Capricornio reserva como uma iniciativa que propende \u00e0 integra\u00e7\u00e3o e ao desenvolvimento dos nossos povos.<\/p>\n<p><strong>O programa:<\/strong><\/p>\n<p>No primeiro dia, 18 de fevereiro, al\u00e9m da Reuni\u00e3o dos Governadores do Corredor Bioce\u00e2nico, foi realizada a Sess\u00e3o de Neg\u00f3cios (organizada pelo SEBRAE\/MS) e se reuniram as Comiss\u00f5es T\u00e9cnicas. As \u00e1reas participantes foram:<\/p>\n<p>Academia e Educa\u00e7\u00e3o Com\u00e9rcio e Procedimentos Fronteiri\u00e7os Seguran\u00e7a Munic\u00edpios Obras P\u00fablicas, Log\u00edstica e Transporte Cidadania com enfoque em g\u00eaneros e povos origin\u00e1rios Sa\u00fade e Sustentabilidade Turismo Comiss\u00e3o Executiva do Plano Diretor<\/p>\n<p>Depois, no dia 19 de fevereiro, foram realizados pain\u00e9is tem\u00e1ticos sobre setor privado, infraestrutura, tecnologia e inova\u00e7\u00e3o, aduanas e impacto social. Esses foram:<\/p>\n<p>a. Painel Setor Privado<\/p>\n<p>b. Painel Infraestrutura<\/p>\n<p>c. Painel Tecnologia e Inova\u00e7\u00e3o<\/p>\n<p>d. Painel Aduanas<\/p>\n<p>e. Painel Impacto Social<\/p>\n<p>No \u00faltimo dia, 20 de fevereiro, foram apresentadas as atas das oito comiss\u00f5es t\u00e9cnicas do VI F\u00f3rum e divulgada a \u201cAta da C\u00fapula dos Governadores de Campo Grande\u201d, documento que consolida as principais orienta\u00e7\u00f5es do evento.<\/p>\n<div><\/div>\n<\/div>\n<\/div>\n<p><\/p>","protected":false},"excerpt":{"rendered":"<p>CAMPO GRANDE &#8211; Entre os dias 18 e 20 de fevereiro, foi realizado no Centro de Conven\u00e7\u00f5es Arquiteto Rubens Gil de Camillo, no Parque dos Poderes (Mato Grosso do Sul, Brasil), o VI F\u00f3rum de Integra\u00e7\u00e3o dos Territ\u00f3rios Subnacionais do Corredor Bioce\u00e2nico de Capricornio. Reunidos no \u00e2mbito do Semin\u00e1rio Internacional da Rota Bioce\u00e2nica, os participantes [&hellip;]<\/p>\n","protected":false},"author":9,"featured_media":3558,"comment_status":"open","ping_status":"open","sticky":false,"template":"","format":"standard","meta":{"_acf_changed":false,"_relevanssi_hide_post":"","_relevanssi_hide_content":"","_relevanssi_pin_for_all":"","_relevanssi_pin_keywords":"","_relevanssi_unpin_keywords":"","_relevanssi_related_keywords":"","_relevanssi_related_include_ids":"","_relevanssi_related_exclude_ids":"","_relevanssi_related_no_append":"","_relevanssi_related_not_related":"","_relevanssi_related_posts":"","_relevanssi_noindex_reason":"","footnotes":""},"categories":[1],"tags":[152,153],"class_list":["post-3557","post","type-post","status-publish","format-standard","has-post-thumbnail","hentry","category-comunicados-de-prensa","tag-campo-grande","tag-foro"],"acf":[],"yoast_head":"<!-- This site is optimized with the Yoast SEO plugin v25.5 - https:\/\/yoast.com\/wordpress\/plugins\/seo\/ -->\n<title>Concluiu em Campo Grande o VI F\u00f3rum de Integra\u00e7\u00e3o do Corredor Bioce\u00e2nico de Capricornio - Corredor Bioce\u00e1nico de Capricornio<\/title>\n<meta name=\"robots\" content=\"index, follow, max-snippet:-1, max-image-preview:large, max-video-preview:-1\" \/>\n<link rel=\"canonical\" href=\"https:\/\/corredorbioceanico.org\/br-el-vi-foro-de-integracion-se-realizara-del-18-al-20-de-febero-en-campo-grande\/\" \/>\n<meta property=\"og:locale\" content=\"pt_BR\" \/>\n<meta property=\"og:type\" content=\"article\" \/>\n<meta property=\"og:title\" content=\"[:es]Concluy\u00f3 en Campo Grande el VI Foro de Integraci\u00f3n del Corredor Bioce\u00e1nico de Capricornio[:pb]Concluiu em Campo Grande o VI F\u00f3rum de Integra\u00e7\u00e3o do Corredor Bioce\u00e2nico de Capricornio[:en]Concluded in Campo Grande: VI Integration Forum of the Capricorn Bioceanic Corridor[:] - Corredor Bioce\u00e1nico de Capricornio\" \/>\n<meta property=\"og:description\" content=\"CAMPO GRANDE &#8211; Entre os dias 18 e 20 de fevereiro, foi realizado no Centro de Conven\u00e7\u00f5es Arquiteto Rubens Gil de Camillo, no Parque dos Poderes (Mato Grosso do Sul, Brasil), o VI F\u00f3rum de Integra\u00e7\u00e3o dos Territ\u00f3rios Subnacionais do Corredor Bioce\u00e2nico de Capricornio. Reunidos no \u00e2mbito do Semin\u00e1rio Internacional da Rota Bioce\u00e2nica, os participantes [&hellip;]\" \/>\n<meta property=\"og:url\" content=\"https:\/\/corredorbioceanico.org\/br-el-vi-foro-de-integracion-se-realizara-del-18-al-20-de-febero-en-campo-grande\/\" \/>\n<meta property=\"og:site_name\" content=\"Corredor Bioce\u00e1nico de Capricornio\" \/>\n<meta property=\"article:published_time\" content=\"2025-02-21T14:45:15+00:00\" \/>\n<meta property=\"article:modified_time\" content=\"2025-02-21T20:22:08+00:00\" \/>\n<meta property=\"og:image\" content=\"https:\/\/corredorbioceanico.org\/cms\/wp-content\/uploads\/2025\/02\/Logo.jpg\" \/>\n\t<meta property=\"og:image:width\" content=\"481\" \/>\n\t<meta property=\"og:image:height\" content=\"280\" \/>\n\t<meta property=\"og:image:type\" content=\"image\/jpeg\" \/>\n<meta name=\"author\" content=\"Roberto Escardo\" \/>\n<meta name=\"twitter:card\" content=\"summary_large_image\" \/>\n<meta name=\"twitter:label1\" content=\"Escrito por\" \/>\n\t<meta name=\"twitter:data1\" content=\"Roberto Escardo\" \/>\n\t<meta name=\"twitter:label2\" content=\"Est. tempo de leitura\" \/>\n\t<meta name=\"twitter:data2\" content=\"18 minutos\" \/>\n<script type=\"application\/ld+json\" class=\"yoast-schema-graph\">{\"@context\":\"https:\/\/schema.org\",\"@graph\":[{\"@type\":\"Article\",\"@id\":\"https:\/\/corredorbioceanico.org\/br-el-vi-foro-de-integracion-se-realizara-del-18-al-20-de-febero-en-campo-grande\/#article\",\"isPartOf\":{\"@id\":\"https:\/\/corredorbioceanico.org\/br-el-vi-foro-de-integracion-se-realizara-del-18-al-20-de-febero-en-campo-grande\/\"},\"author\":{\"name\":\"Roberto Escardo\",\"@id\":\"https:\/\/corredorbioceanico.org\/es\/#\/schema\/person\/888a9b2685f459c47b4db4b3d8aa8e2f\"},\"headline\":\"Concluiu em Campo Grande o VI F\u00f3rum de Integra\u00e7\u00e3o do Corredor Bioce\u00e2nico de Capricornio\",\"datePublished\":\"2025-02-21T14:45:15+00:00\",\"dateModified\":\"2025-02-21T20:22:08+00:00\",\"mainEntityOfPage\":{\"@id\":\"https:\/\/corredorbioceanico.org\/br-el-vi-foro-de-integracion-se-realizara-del-18-al-20-de-febero-en-campo-grande\/\"},\"wordCount\":3667,\"commentCount\":0,\"publisher\":{\"@id\":\"https:\/\/corredorbioceanico.org\/es\/#organization\"},\"image\":{\"@id\":\"https:\/\/corredorbioceanico.org\/br-el-vi-foro-de-integracion-se-realizara-del-18-al-20-de-febero-en-campo-grande\/#primaryimage\"},\"thumbnailUrl\":\"https:\/\/corredorbioceanico.org\/cms\/wp-content\/uploads\/2025\/02\/Logo.jpg\",\"keywords\":[\"Campo Grande\",\"Foro\"],\"articleSection\":[\"Comunicados de Imprensa\"],\"inLanguage\":\"pt-BR\",\"potentialAction\":[{\"@type\":\"CommentAction\",\"name\":\"Comment\",\"target\":[\"https:\/\/corredorbioceanico.org\/br-el-vi-foro-de-integracion-se-realizara-del-18-al-20-de-febero-en-campo-grande\/#respond\"]}]},{\"@type\":\"WebPage\",\"@id\":\"https:\/\/corredorbioceanico.org\/br-el-vi-foro-de-integracion-se-realizara-del-18-al-20-de-febero-en-campo-grande\/\",\"url\":\"https:\/\/corredorbioceanico.org\/br-el-vi-foro-de-integracion-se-realizara-del-18-al-20-de-febero-en-campo-grande\/\",\"name\":\"[:es]Concluy\u00f3 en Campo Grande el VI Foro de Integraci\u00f3n del Corredor Bioce\u00e1nico de Capricornio[:pb]Concluiu em Campo Grande o VI F\u00f3rum de Integra\u00e7\u00e3o do Corredor Bioce\u00e2nico de Capricornio[:en]Concluded in Campo Grande: VI Integration Forum of the Capricorn Bioceanic Corridor[:] - Corredor Bioce\u00e1nico de Capricornio\",\"isPartOf\":{\"@id\":\"https:\/\/corredorbioceanico.org\/es\/#website\"},\"primaryImageOfPage\":{\"@id\":\"https:\/\/corredorbioceanico.org\/br-el-vi-foro-de-integracion-se-realizara-del-18-al-20-de-febero-en-campo-grande\/#primaryimage\"},\"image\":{\"@id\":\"https:\/\/corredorbioceanico.org\/br-el-vi-foro-de-integracion-se-realizara-del-18-al-20-de-febero-en-campo-grande\/#primaryimage\"},\"thumbnailUrl\":\"https:\/\/corredorbioceanico.org\/cms\/wp-content\/uploads\/2025\/02\/Logo.jpg\",\"datePublished\":\"2025-02-21T14:45:15+00:00\",\"dateModified\":\"2025-02-21T20:22:08+00:00\",\"breadcrumb\":{\"@id\":\"https:\/\/corredorbioceanico.org\/br-el-vi-foro-de-integracion-se-realizara-del-18-al-20-de-febero-en-campo-grande\/#breadcrumb\"},\"inLanguage\":\"pt-BR\",\"potentialAction\":[{\"@type\":\"ReadAction\",\"target\":[\"https:\/\/corredorbioceanico.org\/br-el-vi-foro-de-integracion-se-realizara-del-18-al-20-de-febero-en-campo-grande\/\"]}]},{\"@type\":\"ImageObject\",\"inLanguage\":\"pt-BR\",\"@id\":\"https:\/\/corredorbioceanico.org\/br-el-vi-foro-de-integracion-se-realizara-del-18-al-20-de-febero-en-campo-grande\/#primaryimage\",\"url\":\"https:\/\/corredorbioceanico.org\/cms\/wp-content\/uploads\/2025\/02\/Logo.jpg\",\"contentUrl\":\"https:\/\/corredorbioceanico.org\/cms\/wp-content\/uploads\/2025\/02\/Logo.jpg\",\"width\":481,\"height\":280},{\"@type\":\"BreadcrumbList\",\"@id\":\"https:\/\/corredorbioceanico.org\/br-el-vi-foro-de-integracion-se-realizara-del-18-al-20-de-febero-en-campo-grande\/#breadcrumb\",\"itemListElement\":[{\"@type\":\"ListItem\",\"position\":1,\"name\":\"Portada\",\"item\":\"https:\/\/corredorbioceanico.org\/es\/\"},{\"@type\":\"ListItem\",\"position\":2,\"name\":\"Concluy\u00f3 en Campo Grande el VI Foro de Integraci\u00f3n del Corredor Bioce\u00e1nico de Capricornio\"}]},{\"@type\":\"WebSite\",\"@id\":\"https:\/\/corredorbioceanico.org\/es\/#website\",\"url\":\"https:\/\/corredorbioceanico.org\/es\/\",\"name\":\"Corredor Bioce\u00e1nico de Capricornio\",\"description\":\"Sitio Web del Corredor Bioce\u00e1nico de Capricornio\",\"publisher\":{\"@id\":\"https:\/\/corredorbioceanico.org\/es\/#organization\"},\"potentialAction\":[{\"@type\":\"SearchAction\",\"target\":{\"@type\":\"EntryPoint\",\"urlTemplate\":\"https:\/\/corredorbioceanico.org\/es\/?s={search_term_string}\"},\"query-input\":{\"@type\":\"PropertyValueSpecification\",\"valueRequired\":true,\"valueName\":\"search_term_string\"}}],\"inLanguage\":\"pt-BR\"},{\"@type\":\"Organization\",\"@id\":\"https:\/\/corredorbioceanico.org\/es\/#organization\",\"name\":\"Corredor Bioce\u00e1nico de Capricornio\",\"url\":\"https:\/\/corredorbioceanico.org\/es\/\",\"logo\":{\"@type\":\"ImageObject\",\"inLanguage\":\"pt-BR\",\"@id\":\"https:\/\/corredorbioceanico.org\/es\/#\/schema\/logo\/image\/\",\"url\":\"https:\/\/corredorbioceanico.org\/cms\/wp-content\/uploads\/2025\/02\/CBC_ID_WEB_1B.png\",\"contentUrl\":\"https:\/\/corredorbioceanico.org\/cms\/wp-content\/uploads\/2025\/02\/CBC_ID_WEB_1B.png\",\"width\":652,\"height\":200,\"caption\":\"Corredor Bioce\u00e1nico de Capricornio\"},\"image\":{\"@id\":\"https:\/\/corredorbioceanico.org\/es\/#\/schema\/logo\/image\/\"}},{\"@type\":\"Person\",\"@id\":\"https:\/\/corredorbioceanico.org\/es\/#\/schema\/person\/888a9b2685f459c47b4db4b3d8aa8e2f\",\"name\":\"Roberto Escardo\",\"image\":{\"@type\":\"ImageObject\",\"inLanguage\":\"pt-BR\",\"@id\":\"https:\/\/corredorbioceanico.org\/es\/#\/schema\/person\/image\/\",\"url\":\"https:\/\/secure.gravatar.com\/avatar\/da3b73f5368aef7528bf140a20a9766b?s=96&d=mm&r=g\",\"contentUrl\":\"https:\/\/secure.gravatar.com\/avatar\/da3b73f5368aef7528bf140a20a9766b?s=96&d=mm&r=g\",\"caption\":\"Roberto Escardo\"},\"url\":\"https:\/\/corredorbioceanico.org\/pb\/author\/roberto-c-escardogmail-com\/\"}]}<\/script>\n<!-- \/ Yoast SEO plugin. -->","yoast_head_json":{"title":"[:es]Concluy\u00f3 en Campo Grande el VI Foro de Integraci\u00f3n del Corredor Bioce\u00e1nico de Capricornio[:pb]Concluiu em Campo Grande o VI F\u00f3rum de Integra\u00e7\u00e3o do Corredor Bioce\u00e2nico de Capricornio[:en]Concluded in Campo Grande: VI Integration Forum of the Capricorn Bioceanic Corridor[:] - Corredor Bioce\u00e1nico de Capricornio","robots":{"index":"index","follow":"follow","max-snippet":"max-snippet:-1","max-image-preview":"max-image-preview:large","max-video-preview":"max-video-preview:-1"},"canonical":"https:\/\/corredorbioceanico.org\/br-el-vi-foro-de-integracion-se-realizara-del-18-al-20-de-febero-en-campo-grande\/","og_locale":"pt_BR","og_type":"article","og_title":"[:es]Concluy\u00f3 en Campo Grande el VI Foro de Integraci\u00f3n del Corredor Bioce\u00e1nico de Capricornio[:pb]Concluiu em Campo Grande o VI F\u00f3rum de Integra\u00e7\u00e3o do Corredor Bioce\u00e2nico de Capricornio[:en]Concluded in Campo Grande: VI Integration Forum of the Capricorn Bioceanic Corridor[:] - Corredor Bioce\u00e1nico de Capricornio","og_description":"CAMPO GRANDE &#8211; Entre os dias 18 e 20 de fevereiro, foi realizado no Centro de Conven\u00e7\u00f5es Arquiteto Rubens Gil de Camillo, no Parque dos Poderes (Mato Grosso do Sul, Brasil), o VI F\u00f3rum de Integra\u00e7\u00e3o dos Territ\u00f3rios Subnacionais do Corredor Bioce\u00e2nico de Capricornio. Reunidos no \u00e2mbito do Semin\u00e1rio Internacional da Rota Bioce\u00e2nica, os participantes [&hellip;]","og_url":"https:\/\/corredorbioceanico.org\/br-el-vi-foro-de-integracion-se-realizara-del-18-al-20-de-febero-en-campo-grande\/","og_site_name":"Corredor Bioce\u00e1nico de Capricornio","article_published_time":"2025-02-21T14:45:15+00:00","article_modified_time":"2025-02-21T20:22:08+00:00","og_image":[{"width":481,"height":280,"url":"https:\/\/corredorbioceanico.org\/cms\/wp-content\/uploads\/2025\/02\/Logo.jpg","type":"image\/jpeg"}],"author":"Roberto Escardo","twitter_card":"summary_large_image","twitter_misc":{"Escrito por":"Roberto Escardo","Est. tempo de leitura":"18 minutos"},"schema":{"@context":"https:\/\/schema.org","@graph":[{"@type":"Article","@id":"https:\/\/corredorbioceanico.org\/br-el-vi-foro-de-integracion-se-realizara-del-18-al-20-de-febero-en-campo-grande\/#article","isPartOf":{"@id":"https:\/\/corredorbioceanico.org\/br-el-vi-foro-de-integracion-se-realizara-del-18-al-20-de-febero-en-campo-grande\/"},"author":{"name":"Roberto Escardo","@id":"https:\/\/corredorbioceanico.org\/es\/#\/schema\/person\/888a9b2685f459c47b4db4b3d8aa8e2f"},"headline":"Concluiu em Campo Grande o VI F\u00f3rum de Integra\u00e7\u00e3o do Corredor Bioce\u00e2nico de Capricornio","datePublished":"2025-02-21T14:45:15+00:00","dateModified":"2025-02-21T20:22:08+00:00","mainEntityOfPage":{"@id":"https:\/\/corredorbioceanico.org\/br-el-vi-foro-de-integracion-se-realizara-del-18-al-20-de-febero-en-campo-grande\/"},"wordCount":3667,"commentCount":0,"publisher":{"@id":"https:\/\/corredorbioceanico.org\/es\/#organization"},"image":{"@id":"https:\/\/corredorbioceanico.org\/br-el-vi-foro-de-integracion-se-realizara-del-18-al-20-de-febero-en-campo-grande\/#primaryimage"},"thumbnailUrl":"https:\/\/corredorbioceanico.org\/cms\/wp-content\/uploads\/2025\/02\/Logo.jpg","keywords":["Campo Grande","Foro"],"articleSection":["Comunicados de Imprensa"],"inLanguage":"pt-BR","potentialAction":[{"@type":"CommentAction","name":"Comment","target":["https:\/\/corredorbioceanico.org\/br-el-vi-foro-de-integracion-se-realizara-del-18-al-20-de-febero-en-campo-grande\/#respond"]}]},{"@type":"WebPage","@id":"https:\/\/corredorbioceanico.org\/br-el-vi-foro-de-integracion-se-realizara-del-18-al-20-de-febero-en-campo-grande\/","url":"https:\/\/corredorbioceanico.org\/br-el-vi-foro-de-integracion-se-realizara-del-18-al-20-de-febero-en-campo-grande\/","name":"[:es]Concluy\u00f3 en Campo Grande el VI Foro de Integraci\u00f3n del Corredor Bioce\u00e1nico de Capricornio[:pb]Concluiu em Campo Grande o VI F\u00f3rum de Integra\u00e7\u00e3o do Corredor Bioce\u00e2nico de Capricornio[:en]Concluded in Campo Grande: VI Integration Forum of the Capricorn Bioceanic Corridor[:] - Corredor Bioce\u00e1nico de Capricornio","isPartOf":{"@id":"https:\/\/corredorbioceanico.org\/es\/#website"},"primaryImageOfPage":{"@id":"https:\/\/corredorbioceanico.org\/br-el-vi-foro-de-integracion-se-realizara-del-18-al-20-de-febero-en-campo-grande\/#primaryimage"},"image":{"@id":"https:\/\/corredorbioceanico.org\/br-el-vi-foro-de-integracion-se-realizara-del-18-al-20-de-febero-en-campo-grande\/#primaryimage"},"thumbnailUrl":"https:\/\/corredorbioceanico.org\/cms\/wp-content\/uploads\/2025\/02\/Logo.jpg","datePublished":"2025-02-21T14:45:15+00:00","dateModified":"2025-02-21T20:22:08+00:00","breadcrumb":{"@id":"https:\/\/corredorbioceanico.org\/br-el-vi-foro-de-integracion-se-realizara-del-18-al-20-de-febero-en-campo-grande\/#breadcrumb"},"inLanguage":"pt-BR","potentialAction":[{"@type":"ReadAction","target":["https:\/\/corredorbioceanico.org\/br-el-vi-foro-de-integracion-se-realizara-del-18-al-20-de-febero-en-campo-grande\/"]}]},{"@type":"ImageObject","inLanguage":"pt-BR","@id":"https:\/\/corredorbioceanico.org\/br-el-vi-foro-de-integracion-se-realizara-del-18-al-20-de-febero-en-campo-grande\/#primaryimage","url":"https:\/\/corredorbioceanico.org\/cms\/wp-content\/uploads\/2025\/02\/Logo.jpg","contentUrl":"https:\/\/corredorbioceanico.org\/cms\/wp-content\/uploads\/2025\/02\/Logo.jpg","width":481,"height":280},{"@type":"BreadcrumbList","@id":"https:\/\/corredorbioceanico.org\/br-el-vi-foro-de-integracion-se-realizara-del-18-al-20-de-febero-en-campo-grande\/#breadcrumb","itemListElement":[{"@type":"ListItem","position":1,"name":"Portada","item":"https:\/\/corredorbioceanico.org\/es\/"},{"@type":"ListItem","position":2,"name":"Concluy\u00f3 en Campo Grande el VI Foro de Integraci\u00f3n del Corredor Bioce\u00e1nico de Capricornio"}]},{"@type":"WebSite","@id":"https:\/\/corredorbioceanico.org\/es\/#website","url":"https:\/\/corredorbioceanico.org\/es\/","name":"Corredor Bioce\u00e1nico de Capricornio","description":"Sitio Web del Corredor Bioce\u00e1nico de Capricornio","publisher":{"@id":"https:\/\/corredorbioceanico.org\/es\/#organization"},"potentialAction":[{"@type":"SearchAction","target":{"@type":"EntryPoint","urlTemplate":"https:\/\/corredorbioceanico.org\/es\/?s={search_term_string}"},"query-input":{"@type":"PropertyValueSpecification","valueRequired":true,"valueName":"search_term_string"}}],"inLanguage":"pt-BR"},{"@type":"Organization","@id":"https:\/\/corredorbioceanico.org\/es\/#organization","name":"Corredor Bioce\u00e1nico de Capricornio","url":"https:\/\/corredorbioceanico.org\/es\/","logo":{"@type":"ImageObject","inLanguage":"pt-BR","@id":"https:\/\/corredorbioceanico.org\/es\/#\/schema\/logo\/image\/","url":"https:\/\/corredorbioceanico.org\/cms\/wp-content\/uploads\/2025\/02\/CBC_ID_WEB_1B.png","contentUrl":"https:\/\/corredorbioceanico.org\/cms\/wp-content\/uploads\/2025\/02\/CBC_ID_WEB_1B.png","width":652,"height":200,"caption":"Corredor Bioce\u00e1nico de Capricornio"},"image":{"@id":"https:\/\/corredorbioceanico.org\/es\/#\/schema\/logo\/image\/"}},{"@type":"Person","@id":"https:\/\/corredorbioceanico.org\/es\/#\/schema\/person\/888a9b2685f459c47b4db4b3d8aa8e2f","name":"Roberto Escardo","image":{"@type":"ImageObject","inLanguage":"pt-BR","@id":"https:\/\/corredorbioceanico.org\/es\/#\/schema\/person\/image\/","url":"https:\/\/secure.gravatar.com\/avatar\/da3b73f5368aef7528bf140a20a9766b?s=96&d=mm&r=g","contentUrl":"https:\/\/secure.gravatar.com\/avatar\/da3b73f5368aef7528bf140a20a9766b?s=96&d=mm&r=g","caption":"Roberto Escardo"},"url":"https:\/\/corredorbioceanico.org\/pb\/author\/roberto-c-escardogmail-com\/"}]}},"_links":{"self":[{"href":"https:\/\/corredorbioceanico.org\/pb\/wp-json\/wp\/v2\/posts\/3557","targetHints":{"allow":["GET"]}}],"collection":[{"href":"https:\/\/corredorbioceanico.org\/pb\/wp-json\/wp\/v2\/posts"}],"about":[{"href":"https:\/\/corredorbioceanico.org\/pb\/wp-json\/wp\/v2\/types\/post"}],"author":[{"embeddable":true,"href":"https:\/\/corredorbioceanico.org\/pb\/wp-json\/wp\/v2\/users\/9"}],"replies":[{"embeddable":true,"href":"https:\/\/corredorbioceanico.org\/pb\/wp-json\/wp\/v2\/comments?post=3557"}],"version-history":[{"count":7,"href":"https:\/\/corredorbioceanico.org\/pb\/wp-json\/wp\/v2\/posts\/3557\/revisions"}],"predecessor-version":[{"id":3611,"href":"https:\/\/corredorbioceanico.org\/pb\/wp-json\/wp\/v2\/posts\/3557\/revisions\/3611"}],"wp:featuredmedia":[{"embeddable":true,"href":"https:\/\/corredorbioceanico.org\/pb\/wp-json\/wp\/v2\/media\/3558"}],"wp:attachment":[{"href":"https:\/\/corredorbioceanico.org\/pb\/wp-json\/wp\/v2\/media?parent=3557"}],"wp:term":[{"taxonomy":"category","embeddable":true,"href":"https:\/\/corredorbioceanico.org\/pb\/wp-json\/wp\/v2\/categories?post=3557"},{"taxonomy":"post_tag","embeddable":true,"href":"https:\/\/corredorbioceanico.org\/pb\/wp-json\/wp\/v2\/tags?post=3557"}],"curies":[{"name":"wp","href":"https:\/\/api.w.org\/{rel}","templated":true}]}}