{"id":3717,"date":"2025-04-14T15:03:07","date_gmt":"2025-04-14T18:03:07","guid":{"rendered":"https:\/\/corredorbioceanico.org\/?p=3717"},"modified":"2025-04-30T15:03:53","modified_gmt":"2025-04-30T18:03:53","slug":"presidente-de-la-republica-gabriel-boric-font-encabeza-presentacion-del-plan-de-accion-del-corredor-bioceanico-vial","status":"publish","type":"post","link":"https:\/\/corredorbioceanico.org\/pb\/presidente-de-la-republica-gabriel-boric-font-encabeza-presentacion-del-plan-de-accion-del-corredor-bioceanico-vial\/","title":{"rendered":"(ES) Presidente de la Rep\u00fablica, Gabriel Boric Font, encabeza presentaci\u00f3n del Plan de Acci\u00f3n del Corredor Bioce\u00e1nico Vial"},"content":{"rendered":"<p>El Mandatario recibi\u00f3 la estructura de las acciones a seguir para concretar su pr\u00f3xima implementaci\u00f3n en el pa\u00eds. El Plan de Acci\u00f3n del Corredor Bioce\u00e1nico Vial es fruto del trabajo de la Comisi\u00f3n de Alto Nivel creada en julio de 2024, un trabajo colaborativo de diversas entidades gubernamentales y las gobernaciones regionales de Antofagasta y Tarapac\u00e1.<\/p>\n<p>Diversas autoridades nacionales y regionales se reunieron la ma\u00f1ana de este lunes 14 de abril en el Sal\u00f3n Montt-Varas del Palacio de La Moneda para concretar la entrega del Plan de Acci\u00f3n del Corredor Bioce\u00e1nico Vial, iniciativa de coordinaci\u00f3n internacional que apunta a consolidar una ruta comercial entre Chile, Brasil, Argentina y Paraguay; medida que implica un megaproyecto de infraestructura que abarca cerca de 2400 kil\u00f3metros.<\/p>\n<p>Con miras a la agilizaci\u00f3n de las obras necesarias para materializar esta iniciativa, en julio de 2024, el Presidente de la Rep\u00fablica instruy\u00f3 la creaci\u00f3n de la Comisi\u00f3n de Alto Nivel para el Desarrollo del Corredor Bioce\u00e1nico Vial, instancia coordinada por el ministro de Econom\u00eda, Fomento y Turismo e integrada por las ministras y ministros del Interior, Relaciones Exteriores, Hacienda, Obras P\u00fablicas, Agricultura, Transporte y Telecomunicaciones, y Bienes Nacionales. Asimismo, participaron de ella los gobernadores y las delegadas presidenciales regionales de Antofagasta y Tarapac\u00e1.<\/p>\n<p>Fruto de esta instancia, el ministro de Econom\u00eda, Fomento y Turismo, Nicol\u00e1s Grau, hizo entrega al Presidente de la Rep\u00fablica, Gabriel Boric Font, el Plan de Acci\u00f3n en el que se estructura una agenda de trabajo en la que se detallan estrategias y medidas necesarias para concretar la implementaci\u00f3n del Corredor Bioce\u00e1nico Vial.<\/p>\n<p>El Mandatario destac\u00f3 que medidas como el Corredor Bioce\u00e1nico permiten influir de manera positiva y directa a la ciudadan\u00eda, afirmando que \u201ccuando la econom\u00eda crece o cuando la econom\u00eda deja de crecer tiene impacto en las familias y lo que nosotros ac\u00e1 estamos haciendo es apostando por mejorar la calidad de vida de las familias chilenas, otorgarles a ellos mayor seguridad, mayor seguridad econ\u00f3mica, otorgarles a ellos mayor seguridad en nuestra frontera, mayor seguridad en el futuro\u201d.<\/p>\n<p>El Jefe de Estado tambi\u00e9n adelant\u00f3 algunas medidas en diversas \u00e1reas a impulsar en el marco del Corredor Bioce\u00e1nico Vial: \u201cVamos a potenciar y mejorar la infraestructura p\u00fablica del funcionamiento del corredor, vamos a facilitar el tr\u00e1nsito entre los pa\u00edses. Vamos a construir un sitio de inspecci\u00f3n para la fiscalizaci\u00f3n y el control de cargas m\u00e1s cerca de la frontera, en las cercan\u00edas del Paso Jama. Vamos a contar con mayor presencia y capacidad operativa de Carabineros y de la PDI en los cruces fronterizos y, por cierto, tambi\u00e9n infraestructura p\u00fablica\u201d.<\/p>\n<p>Asimismo, a\u00f1adi\u00f3 que \u201cse impulsar\u00e1n \u201ciniciativas que aumenten la competitividad de los puertos, la mejora del molo de abrigo del puerto de Antofagasta, la inclusi\u00f3n de Tocopilla, la habilitaci\u00f3n de una nueva gr\u00faa en el puerto de Iquique, lo que va a ir mejorando su capacidad de carga y, por cierto, su competitividad con otros puertos\u201d.<\/p>\n<p>Por su parte, el ministro Nicol\u00e1s Grau, destac\u00f3 los avances en la iniciativa, como el cumplimiento de un trabajo de larga data que beneficiar\u00e1 a Chile en diversas materias: &#8220;Este corredor es un viejo anhelo del norte de Chile y, producto del compromiso de otros pa\u00edses y del Presidente Boric, estamos pr\u00f3ximos a poder hacerlo una realidad. Trabajaremos duro para ello. Estamos dando un paso firme hacia la integraci\u00f3n efectiva de Chile con sus vecinos y el mundo, acelerando un proyecto de Estado que entrega oportunidades reales para las regiones del norte y todo el pa\u00eds\u201d.<\/p>\n<p>Junto al Presidente de la Rep\u00fablica y el ministro de Econom\u00eda, Fomento y Turismo, participaron los ministros de Relaciones Exteriores, Alberto van Klaveren; Agricultura, Esteban Valenzuela; Transporte y Telecomunicaciones, Juan Carlos Mu\u00f1oz; Obras P\u00fablicas (s), Danilo N\u00fa\u00f1ez; la subsecretaria de Desarrollo Regional y Administrativo, Francisca Perales; la subsecretaria de Hacienda, Heidi Berner; el subsecretario de Bienes Nacionales, Sebasti\u00e1n Vergara; los gobernadores regionales de Tarapac\u00e1, Jos\u00e9 Miguel Carvajal, y de Antofagasta, Ricardo D\u00edaz; y las delegadas presidenciales de ambas regiones, Ivonne Donoso de Tarapac\u00e1 y Karen Behrens de Antofagasta.<\/p>\n","protected":false},"excerpt":{"rendered":"<p>El Mandatario recibi\u00f3 la estructura de las acciones a seguir para concretar su pr\u00f3xima implementaci\u00f3n en el pa\u00eds. El Plan de Acci\u00f3n del Corredor Bioce\u00e1nico Vial es fruto del trabajo de la Comisi\u00f3n de Alto Nivel creada en julio de 2024, un trabajo colaborativo de diversas entidades gubernamentales y las gobernaciones regionales de Antofagasta y [&hellip;]<\/p>\n","protected":false},"author":8,"featured_media":3718,"comment_status":"open","ping_status":"open","sticky":false,"template":"","format":"standard","meta":{"_acf_changed":false,"_relevanssi_hide_post":"","_relevanssi_hide_content":"","_relevanssi_pin_for_all":"","_relevanssi_pin_keywords":"","_relevanssi_unpin_keywords":"","_relevanssi_related_keywords":"","_relevanssi_related_include_ids":"","_relevanssi_related_exclude_ids":"","_relevanssi_related_no_append":"","_relevanssi_related_not_related":"","_relevanssi_related_posts":"","_relevanssi_noindex_reason":"","footnotes":""},"categories":[2],"tags":[159],"class_list":["post-3717","post","type-post","status-publish","format-standard","has-post-thumbnail","hentry","category-en-los-medios","tag-chile"],"acf":[],"yoast_head":"<!-- This site is optimized with the Yoast SEO plugin v25.5 - https:\/\/yoast.com\/wordpress\/plugins\/seo\/ -->\n<title><\/title>\n<meta name=\"robots\" content=\"index, follow, max-snippet:-1, max-image-preview:large, max-video-preview:-1\" \/>\n<link rel=\"canonical\" href=\"https:\/\/corredorbioceanico.org\/presidente-de-la-republica-gabriel-boric-font-encabeza-presentacion-del-plan-de-accion-del-corredor-bioceanico-vial\/\" \/>\n<meta property=\"og:locale\" content=\"pt_BR\" \/>\n<meta property=\"og:type\" content=\"article\" \/>\n<meta property=\"og:title\" content=\"[:es]Presidente de la Rep\u00fablica, Gabriel Boric Font, encabeza presentaci\u00f3n del Plan de Acci\u00f3n del Corredor Bioce\u00e1nico Vial[:] - Corredor Bioce\u00e1nico de Capricornio\" \/>\n<meta property=\"og:description\" content=\"El Mandatario recibi\u00f3 la estructura de las acciones a seguir para concretar su pr\u00f3xima implementaci\u00f3n en el pa\u00eds. El Plan de Acci\u00f3n del Corredor Bioce\u00e1nico Vial es fruto del trabajo de la Comisi\u00f3n de Alto Nivel creada en julio de 2024, un trabajo colaborativo de diversas entidades gubernamentales y las gobernaciones regionales de Antofagasta y [&hellip;]\" \/>\n<meta property=\"og:url\" content=\"https:\/\/corredorbioceanico.org\/presidente-de-la-republica-gabriel-boric-font-encabeza-presentacion-del-plan-de-accion-del-corredor-bioceanico-vial\/\" \/>\n<meta property=\"og:site_name\" content=\"Corredor Bioce\u00e1nico de Capricornio\" \/>\n<meta property=\"article:published_time\" content=\"2025-04-14T18:03:07+00:00\" \/>\n<meta property=\"article:modified_time\" content=\"2025-04-30T18:03:53+00:00\" \/>\n<meta property=\"og:image\" content=\"https:\/\/corredorbioceanico.org\/cms\/wp-content\/uploads\/2025\/04\/2025-04-14-Chile.jpg\" \/>\n\t<meta property=\"og:image:width\" content=\"653\" \/>\n\t<meta property=\"og:image:height\" content=\"431\" \/>\n\t<meta property=\"og:image:type\" content=\"image\/jpeg\" \/>\n<meta name=\"author\" content=\"Federico\" \/>\n<meta name=\"twitter:card\" content=\"summary_large_image\" \/>\n<meta name=\"twitter:label1\" content=\"Escrito por\" \/>\n\t<meta name=\"twitter:data1\" content=\"Federico\" \/>\n\t<meta name=\"twitter:label2\" content=\"Est. tempo de leitura\" \/>\n\t<meta name=\"twitter:data2\" content=\"4 minutos\" \/>\n<script type=\"application\/ld+json\" class=\"yoast-schema-graph\">{\"@context\":\"https:\/\/schema.org\",\"@graph\":[{\"@type\":\"Article\",\"@id\":\"https:\/\/corredorbioceanico.org\/presidente-de-la-republica-gabriel-boric-font-encabeza-presentacion-del-plan-de-accion-del-corredor-bioceanico-vial\/#article\",\"isPartOf\":{\"@id\":\"https:\/\/corredorbioceanico.org\/presidente-de-la-republica-gabriel-boric-font-encabeza-presentacion-del-plan-de-accion-del-corredor-bioceanico-vial\/\"},\"author\":{\"name\":\"Federico\",\"@id\":\"https:\/\/corredorbioceanico.org\/es\/#\/schema\/person\/0b9d063110b433ea33c27fd62da0937d\"},\"headline\":\"(ES) Presidente de la Rep\u00fablica, Gabriel Boric Font, encabeza presentaci\u00f3n del Plan de Acci\u00f3n del Corredor Bioce\u00e1nico Vial\",\"datePublished\":\"2025-04-14T18:03:07+00:00\",\"dateModified\":\"2025-04-30T18:03:53+00:00\",\"mainEntityOfPage\":{\"@id\":\"https:\/\/corredorbioceanico.org\/presidente-de-la-republica-gabriel-boric-font-encabeza-presentacion-del-plan-de-accion-del-corredor-bioceanico-vial\/\"},\"wordCount\":743,\"commentCount\":0,\"publisher\":{\"@id\":\"https:\/\/corredorbioceanico.org\/es\/#organization\"},\"image\":{\"@id\":\"https:\/\/corredorbioceanico.org\/presidente-de-la-republica-gabriel-boric-font-encabeza-presentacion-del-plan-de-accion-del-corredor-bioceanico-vial\/#primaryimage\"},\"thumbnailUrl\":\"https:\/\/corredorbioceanico.org\/cms\/wp-content\/uploads\/2025\/04\/2025-04-14-Chile.jpg\",\"keywords\":[\"Chile\"],\"articleSection\":[\"Na m\u00eddia\"],\"inLanguage\":\"pt-BR\",\"potentialAction\":[{\"@type\":\"CommentAction\",\"name\":\"Comment\",\"target\":[\"https:\/\/corredorbioceanico.org\/presidente-de-la-republica-gabriel-boric-font-encabeza-presentacion-del-plan-de-accion-del-corredor-bioceanico-vial\/#respond\"]}]},{\"@type\":\"WebPage\",\"@id\":\"https:\/\/corredorbioceanico.org\/presidente-de-la-republica-gabriel-boric-font-encabeza-presentacion-del-plan-de-accion-del-corredor-bioceanico-vial\/\",\"url\":\"https:\/\/corredorbioceanico.org\/presidente-de-la-republica-gabriel-boric-font-encabeza-presentacion-del-plan-de-accion-del-corredor-bioceanico-vial\/\",\"name\":\"[:es]Presidente de la Rep\u00fablica, Gabriel Boric Font, encabeza presentaci\u00f3n del Plan de Acci\u00f3n del Corredor Bioce\u00e1nico Vial[:] - Corredor Bioce\u00e1nico de Capricornio\",\"isPartOf\":{\"@id\":\"https:\/\/corredorbioceanico.org\/es\/#website\"},\"primaryImageOfPage\":{\"@id\":\"https:\/\/corredorbioceanico.org\/presidente-de-la-republica-gabriel-boric-font-encabeza-presentacion-del-plan-de-accion-del-corredor-bioceanico-vial\/#primaryimage\"},\"image\":{\"@id\":\"https:\/\/corredorbioceanico.org\/presidente-de-la-republica-gabriel-boric-font-encabeza-presentacion-del-plan-de-accion-del-corredor-bioceanico-vial\/#primaryimage\"},\"thumbnailUrl\":\"https:\/\/corredorbioceanico.org\/cms\/wp-content\/uploads\/2025\/04\/2025-04-14-Chile.jpg\",\"datePublished\":\"2025-04-14T18:03:07+00:00\",\"dateModified\":\"2025-04-30T18:03:53+00:00\",\"breadcrumb\":{\"@id\":\"https:\/\/corredorbioceanico.org\/presidente-de-la-republica-gabriel-boric-font-encabeza-presentacion-del-plan-de-accion-del-corredor-bioceanico-vial\/#breadcrumb\"},\"inLanguage\":\"pt-BR\",\"potentialAction\":[{\"@type\":\"ReadAction\",\"target\":[\"https:\/\/corredorbioceanico.org\/presidente-de-la-republica-gabriel-boric-font-encabeza-presentacion-del-plan-de-accion-del-corredor-bioceanico-vial\/\"]}]},{\"@type\":\"ImageObject\",\"inLanguage\":\"pt-BR\",\"@id\":\"https:\/\/corredorbioceanico.org\/presidente-de-la-republica-gabriel-boric-font-encabeza-presentacion-del-plan-de-accion-del-corredor-bioceanico-vial\/#primaryimage\",\"url\":\"https:\/\/corredorbioceanico.org\/cms\/wp-content\/uploads\/2025\/04\/2025-04-14-Chile.jpg\",\"contentUrl\":\"https:\/\/corredorbioceanico.org\/cms\/wp-content\/uploads\/2025\/04\/2025-04-14-Chile.jpg\",\"width\":653,\"height\":431},{\"@type\":\"BreadcrumbList\",\"@id\":\"https:\/\/corredorbioceanico.org\/presidente-de-la-republica-gabriel-boric-font-encabeza-presentacion-del-plan-de-accion-del-corredor-bioceanico-vial\/#breadcrumb\",\"itemListElement\":[{\"@type\":\"ListItem\",\"position\":1,\"name\":\"Portada\",\"item\":\"https:\/\/corredorbioceanico.org\/es\/\"},{\"@type\":\"ListItem\",\"position\":2,\"name\":\"Presidente de la Rep\u00fablica, Gabriel Boric Font, encabeza presentaci\u00f3n del Plan de Acci\u00f3n del Corredor Bioce\u00e1nico Vial\"}]},{\"@type\":\"WebSite\",\"@id\":\"https:\/\/corredorbioceanico.org\/es\/#website\",\"url\":\"https:\/\/corredorbioceanico.org\/es\/\",\"name\":\"Corredor Bioce\u00e1nico de Capricornio\",\"description\":\"Sitio Web del Corredor Bioce\u00e1nico de Capricornio\",\"publisher\":{\"@id\":\"https:\/\/corredorbioceanico.org\/es\/#organization\"},\"potentialAction\":[{\"@type\":\"SearchAction\",\"target\":{\"@type\":\"EntryPoint\",\"urlTemplate\":\"https:\/\/corredorbioceanico.org\/es\/?s={search_term_string}\"},\"query-input\":{\"@type\":\"PropertyValueSpecification\",\"valueRequired\":true,\"valueName\":\"search_term_string\"}}],\"inLanguage\":\"pt-BR\"},{\"@type\":\"Organization\",\"@id\":\"https:\/\/corredorbioceanico.org\/es\/#organization\",\"name\":\"Corredor Bioce\u00e1nico de Capricornio\",\"url\":\"https:\/\/corredorbioceanico.org\/es\/\",\"logo\":{\"@type\":\"ImageObject\",\"inLanguage\":\"pt-BR\",\"@id\":\"https:\/\/corredorbioceanico.org\/es\/#\/schema\/logo\/image\/\",\"url\":\"https:\/\/corredorbioceanico.org\/cms\/wp-content\/uploads\/2025\/02\/CBC_ID_WEB_1B.png\",\"contentUrl\":\"https:\/\/corredorbioceanico.org\/cms\/wp-content\/uploads\/2025\/02\/CBC_ID_WEB_1B.png\",\"width\":652,\"height\":200,\"caption\":\"Corredor Bioce\u00e1nico de Capricornio\"},\"image\":{\"@id\":\"https:\/\/corredorbioceanico.org\/es\/#\/schema\/logo\/image\/\"}},{\"@type\":\"Person\",\"@id\":\"https:\/\/corredorbioceanico.org\/es\/#\/schema\/person\/0b9d063110b433ea33c27fd62da0937d\",\"name\":\"Federico\",\"image\":{\"@type\":\"ImageObject\",\"inLanguage\":\"pt-BR\",\"@id\":\"https:\/\/corredorbioceanico.org\/es\/#\/schema\/person\/image\/\",\"url\":\"https:\/\/secure.gravatar.com\/avatar\/4e0b49457d6078570c5e66c647b6a30f?s=96&d=mm&r=g\",\"contentUrl\":\"https:\/\/secure.gravatar.com\/avatar\/4e0b49457d6078570c5e66c647b6a30f?s=96&d=mm&r=g\",\"caption\":\"Federico\"},\"url\":\"https:\/\/corredorbioceanico.org\/pb\/author\/federicomiadb-org\/\"}]}<\/script>\n<!-- \/ Yoast SEO plugin. -->","yoast_head_json":{"title":"[:es]Presidente de la Rep\u00fablica, Gabriel Boric Font, encabeza presentaci\u00f3n del Plan de Acci\u00f3n del Corredor Bioce\u00e1nico Vial[:] - Corredor Bioce\u00e1nico de Capricornio","robots":{"index":"index","follow":"follow","max-snippet":"max-snippet:-1","max-image-preview":"max-image-preview:large","max-video-preview":"max-video-preview:-1"},"canonical":"https:\/\/corredorbioceanico.org\/presidente-de-la-republica-gabriel-boric-font-encabeza-presentacion-del-plan-de-accion-del-corredor-bioceanico-vial\/","og_locale":"pt_BR","og_type":"article","og_title":"[:es]Presidente de la Rep\u00fablica, Gabriel Boric Font, encabeza presentaci\u00f3n del Plan de Acci\u00f3n del Corredor Bioce\u00e1nico Vial[:] - Corredor Bioce\u00e1nico de Capricornio","og_description":"El Mandatario recibi\u00f3 la estructura de las acciones a seguir para concretar su pr\u00f3xima implementaci\u00f3n en el pa\u00eds. El Plan de Acci\u00f3n del Corredor Bioce\u00e1nico Vial es fruto del trabajo de la Comisi\u00f3n de Alto Nivel creada en julio de 2024, un trabajo colaborativo de diversas entidades gubernamentales y las gobernaciones regionales de Antofagasta y [&hellip;]","og_url":"https:\/\/corredorbioceanico.org\/presidente-de-la-republica-gabriel-boric-font-encabeza-presentacion-del-plan-de-accion-del-corredor-bioceanico-vial\/","og_site_name":"Corredor Bioce\u00e1nico de Capricornio","article_published_time":"2025-04-14T18:03:07+00:00","article_modified_time":"2025-04-30T18:03:53+00:00","og_image":[{"width":653,"height":431,"url":"https:\/\/corredorbioceanico.org\/cms\/wp-content\/uploads\/2025\/04\/2025-04-14-Chile.jpg","type":"image\/jpeg"}],"author":"Federico","twitter_card":"summary_large_image","twitter_misc":{"Escrito por":"Federico","Est. tempo de leitura":"4 minutos"},"schema":{"@context":"https:\/\/schema.org","@graph":[{"@type":"Article","@id":"https:\/\/corredorbioceanico.org\/presidente-de-la-republica-gabriel-boric-font-encabeza-presentacion-del-plan-de-accion-del-corredor-bioceanico-vial\/#article","isPartOf":{"@id":"https:\/\/corredorbioceanico.org\/presidente-de-la-republica-gabriel-boric-font-encabeza-presentacion-del-plan-de-accion-del-corredor-bioceanico-vial\/"},"author":{"name":"Federico","@id":"https:\/\/corredorbioceanico.org\/es\/#\/schema\/person\/0b9d063110b433ea33c27fd62da0937d"},"headline":"(ES) Presidente de la Rep\u00fablica, Gabriel Boric Font, encabeza presentaci\u00f3n del Plan de Acci\u00f3n del Corredor Bioce\u00e1nico Vial","datePublished":"2025-04-14T18:03:07+00:00","dateModified":"2025-04-30T18:03:53+00:00","mainEntityOfPage":{"@id":"https:\/\/corredorbioceanico.org\/presidente-de-la-republica-gabriel-boric-font-encabeza-presentacion-del-plan-de-accion-del-corredor-bioceanico-vial\/"},"wordCount":743,"commentCount":0,"publisher":{"@id":"https:\/\/corredorbioceanico.org\/es\/#organization"},"image":{"@id":"https:\/\/corredorbioceanico.org\/presidente-de-la-republica-gabriel-boric-font-encabeza-presentacion-del-plan-de-accion-del-corredor-bioceanico-vial\/#primaryimage"},"thumbnailUrl":"https:\/\/corredorbioceanico.org\/cms\/wp-content\/uploads\/2025\/04\/2025-04-14-Chile.jpg","keywords":["Chile"],"articleSection":["Na m\u00eddia"],"inLanguage":"pt-BR","potentialAction":[{"@type":"CommentAction","name":"Comment","target":["https:\/\/corredorbioceanico.org\/presidente-de-la-republica-gabriel-boric-font-encabeza-presentacion-del-plan-de-accion-del-corredor-bioceanico-vial\/#respond"]}]},{"@type":"WebPage","@id":"https:\/\/corredorbioceanico.org\/presidente-de-la-republica-gabriel-boric-font-encabeza-presentacion-del-plan-de-accion-del-corredor-bioceanico-vial\/","url":"https:\/\/corredorbioceanico.org\/presidente-de-la-republica-gabriel-boric-font-encabeza-presentacion-del-plan-de-accion-del-corredor-bioceanico-vial\/","name":"[:es]Presidente de la Rep\u00fablica, Gabriel Boric Font, encabeza presentaci\u00f3n del Plan de Acci\u00f3n del Corredor Bioce\u00e1nico Vial[:] - Corredor Bioce\u00e1nico de Capricornio","isPartOf":{"@id":"https:\/\/corredorbioceanico.org\/es\/#website"},"primaryImageOfPage":{"@id":"https:\/\/corredorbioceanico.org\/presidente-de-la-republica-gabriel-boric-font-encabeza-presentacion-del-plan-de-accion-del-corredor-bioceanico-vial\/#primaryimage"},"image":{"@id":"https:\/\/corredorbioceanico.org\/presidente-de-la-republica-gabriel-boric-font-encabeza-presentacion-del-plan-de-accion-del-corredor-bioceanico-vial\/#primaryimage"},"thumbnailUrl":"https:\/\/corredorbioceanico.org\/cms\/wp-content\/uploads\/2025\/04\/2025-04-14-Chile.jpg","datePublished":"2025-04-14T18:03:07+00:00","dateModified":"2025-04-30T18:03:53+00:00","breadcrumb":{"@id":"https:\/\/corredorbioceanico.org\/presidente-de-la-republica-gabriel-boric-font-encabeza-presentacion-del-plan-de-accion-del-corredor-bioceanico-vial\/#breadcrumb"},"inLanguage":"pt-BR","potentialAction":[{"@type":"ReadAction","target":["https:\/\/corredorbioceanico.org\/presidente-de-la-republica-gabriel-boric-font-encabeza-presentacion-del-plan-de-accion-del-corredor-bioceanico-vial\/"]}]},{"@type":"ImageObject","inLanguage":"pt-BR","@id":"https:\/\/corredorbioceanico.org\/presidente-de-la-republica-gabriel-boric-font-encabeza-presentacion-del-plan-de-accion-del-corredor-bioceanico-vial\/#primaryimage","url":"https:\/\/corredorbioceanico.org\/cms\/wp-content\/uploads\/2025\/04\/2025-04-14-Chile.jpg","contentUrl":"https:\/\/corredorbioceanico.org\/cms\/wp-content\/uploads\/2025\/04\/2025-04-14-Chile.jpg","width":653,"height":431},{"@type":"BreadcrumbList","@id":"https:\/\/corredorbioceanico.org\/presidente-de-la-republica-gabriel-boric-font-encabeza-presentacion-del-plan-de-accion-del-corredor-bioceanico-vial\/#breadcrumb","itemListElement":[{"@type":"ListItem","position":1,"name":"Portada","item":"https:\/\/corredorbioceanico.org\/es\/"},{"@type":"ListItem","position":2,"name":"Presidente de la Rep\u00fablica, Gabriel Boric Font, encabeza presentaci\u00f3n del Plan de Acci\u00f3n del Corredor Bioce\u00e1nico Vial"}]},{"@type":"WebSite","@id":"https:\/\/corredorbioceanico.org\/es\/#website","url":"https:\/\/corredorbioceanico.org\/es\/","name":"Corredor Bioce\u00e1nico de Capricornio","description":"Sitio Web del Corredor Bioce\u00e1nico de Capricornio","publisher":{"@id":"https:\/\/corredorbioceanico.org\/es\/#organization"},"potentialAction":[{"@type":"SearchAction","target":{"@type":"EntryPoint","urlTemplate":"https:\/\/corredorbioceanico.org\/es\/?s={search_term_string}"},"query-input":{"@type":"PropertyValueSpecification","valueRequired":true,"valueName":"search_term_string"}}],"inLanguage":"pt-BR"},{"@type":"Organization","@id":"https:\/\/corredorbioceanico.org\/es\/#organization","name":"Corredor Bioce\u00e1nico de Capricornio","url":"https:\/\/corredorbioceanico.org\/es\/","logo":{"@type":"ImageObject","inLanguage":"pt-BR","@id":"https:\/\/corredorbioceanico.org\/es\/#\/schema\/logo\/image\/","url":"https:\/\/corredorbioceanico.org\/cms\/wp-content\/uploads\/2025\/02\/CBC_ID_WEB_1B.png","contentUrl":"https:\/\/corredorbioceanico.org\/cms\/wp-content\/uploads\/2025\/02\/CBC_ID_WEB_1B.png","width":652,"height":200,"caption":"Corredor Bioce\u00e1nico de Capricornio"},"image":{"@id":"https:\/\/corredorbioceanico.org\/es\/#\/schema\/logo\/image\/"}},{"@type":"Person","@id":"https:\/\/corredorbioceanico.org\/es\/#\/schema\/person\/0b9d063110b433ea33c27fd62da0937d","name":"Federico","image":{"@type":"ImageObject","inLanguage":"pt-BR","@id":"https:\/\/corredorbioceanico.org\/es\/#\/schema\/person\/image\/","url":"https:\/\/secure.gravatar.com\/avatar\/4e0b49457d6078570c5e66c647b6a30f?s=96&d=mm&r=g","contentUrl":"https:\/\/secure.gravatar.com\/avatar\/4e0b49457d6078570c5e66c647b6a30f?s=96&d=mm&r=g","caption":"Federico"},"url":"https:\/\/corredorbioceanico.org\/pb\/author\/federicomiadb-org\/"}]}},"_links":{"self":[{"href":"https:\/\/corredorbioceanico.org\/pb\/wp-json\/wp\/v2\/posts\/3717","targetHints":{"allow":["GET"]}}],"collection":[{"href":"https:\/\/corredorbioceanico.org\/pb\/wp-json\/wp\/v2\/posts"}],"about":[{"href":"https:\/\/corredorbioceanico.org\/pb\/wp-json\/wp\/v2\/types\/post"}],"author":[{"embeddable":true,"href":"https:\/\/corredorbioceanico.org\/pb\/wp-json\/wp\/v2\/users\/8"}],"replies":[{"embeddable":true,"href":"https:\/\/corredorbioceanico.org\/pb\/wp-json\/wp\/v2\/comments?post=3717"}],"version-history":[{"count":2,"href":"https:\/\/corredorbioceanico.org\/pb\/wp-json\/wp\/v2\/posts\/3717\/revisions"}],"predecessor-version":[{"id":3720,"href":"https:\/\/corredorbioceanico.org\/pb\/wp-json\/wp\/v2\/posts\/3717\/revisions\/3720"}],"wp:featuredmedia":[{"embeddable":true,"href":"https:\/\/corredorbioceanico.org\/pb\/wp-json\/wp\/v2\/media\/3718"}],"wp:attachment":[{"href":"https:\/\/corredorbioceanico.org\/pb\/wp-json\/wp\/v2\/media?parent=3717"}],"wp:term":[{"taxonomy":"category","embeddable":true,"href":"https:\/\/corredorbioceanico.org\/pb\/wp-json\/wp\/v2\/categories?post=3717"},{"taxonomy":"post_tag","embeddable":true,"href":"https:\/\/corredorbioceanico.org\/pb\/wp-json\/wp\/v2\/tags?post=3717"}],"curies":[{"name":"wp","href":"https:\/\/api.w.org\/{rel}","templated":true}]}}