{"id":3730,"date":"2025-04-24T15:24:28","date_gmt":"2025-04-24T18:24:28","guid":{"rendered":"https:\/\/corredorbioceanico.org\/?p=3730"},"modified":"2025-04-30T15:24:39","modified_gmt":"2025-04-30T18:24:39","slug":"br-com-avanco-de-negociacoes-da-bioceanica-empresas-ja-falam-em-dobrar-faturamento","status":"publish","type":"post","link":"https:\/\/corredorbioceanico.org\/pb\/br-com-avanco-de-negociacoes-da-bioceanica-empresas-ja-falam-em-dobrar-faturamento\/","title":{"rendered":"Com avan\u00e7o de negocia\u00e7\u00f5es da Bioce\u00e2nica, empresas j\u00e1 falam em dobrar faturamento"},"content":{"rendered":"<p>Empres\u00e1rios que participaram das tratativas sobre o in\u00edcio da Rota Bioce\u00e2nica de Capric\u00f3rnio, prevista para 2026, est\u00e3o animados diante de novas oportunidades que devem surgir nos neg\u00f3cios embalados pela perspectiva de melhora na log\u00edstica dos produtos para o exterior.<\/p>\n<p>A t\u00f4nica do F\u00f3rum Empresarial Brasil-Chile, realizado nesta quarta-feira, na sede da Confedera\u00e7\u00e3o Nacional da Ind\u00fastria (CNI), em Bras\u00edlia, \u00e9 de que as novas rotas devem solucionar antigos gargalos log\u00edsticos do Centro-Oeste, ampliar e melhorar as rela\u00e7\u00f5es comerciais com parceiros externos e garantir seguran\u00e7a para os motoristas nas estradas. Al\u00e9m disso, a nova log\u00edstica dever\u00e1 reduzir o tempo de entrega dos produtos aos clientes, baixar custos e, por tabela, estimular o avan\u00e7o dos neg\u00f3cios em Mato Grosso do Sul.<\/p>\n<p>Para a Rota 4, onde haver\u00e1 aduana integrada em cabeceira \u00fanica, a estimativa \u00e9 de redu\u00e7\u00e3o de 72 horas para 6 horas no tempo de espera de caminh\u00f5es e nos custos de toneladas de cargas, de US$ 600 para cerca de US$ 50.<\/p>\n<p>Com a previs\u00e3o de faturar mais de R$ 1,5 bilh\u00e3o este ano em Mato Grosso do Sul, o Grupo Bello Alimentos deve chegar em 2030 com receita de R$ 20 bilh\u00f5es no Pa\u00eds, puxada pelo aumento das exporta\u00e7\u00f5es nos novos mercados que se abrir\u00e3o, principalmente para o Chile, que hoje \u00e9 atendido pela filial de distribui\u00e7\u00e3o sediada em Itaquira\u00ed, a 400 km de Campo Grande. Outras unidades s\u00e3o distribu\u00eddas por Dourados, Corumb\u00e1 e em Aparecida de Taboado. Fora do estado, a empresa possui unidades em S\u00e3o Paulo, Santa Catarina, Paran\u00e1 e Rio Grande do Sul.<\/p>\n<p>A previs\u00e3o \u00e9 praticamente dobrar o faturamento do grupo em rela\u00e7\u00e3o a previs\u00e3o deste ano, entre R$ 10 bilh\u00f5es e R$ 12 bilh\u00f5es contando unidades de todo Brasil. O crescimento da receita previsto \u00e9 embalado pelo aumento da capacidade produtiva do grupo puxado tanto pelo mercado interno como o externo.<\/p>\n<p>\u201cEsperamos reduzir o tempo do transporte e de entregas aos nossos clientes, garantindo que o produto, em se tratando de alimento, chegue \u00e0 mesa do consumidor final com a mesma qualidade que sai de nossa ind\u00fastria\u201d, disse o Gerente de Unidade da Bello Alimentos, Edson Carlos Block, em entrevista ao Campo Grande News.<\/p>\n<p>Sem citar cifras, o empres\u00e1rio falou de futuros investimentos do grupo a partir das janelas de oportunidades que devem se abrir sob a influ\u00eancia positiva do corredor log\u00edstico bioce\u00e2nico. Para ele, o plano de expans\u00e3o dos neg\u00f3cios inclui a diversifica\u00e7\u00e3o dos neg\u00f3cios com a psicultura. Ele lembrou da aquisi\u00e7\u00e3o da unidade de peixe Mar &amp; Terra, sediada em Itapor\u00e3, tamb\u00e9m em Mato Grosso do Sul, e disse que o setor est\u00e1 em plena expans\u00e3o.<\/p>\n<p>\u201cEsse \u00e9 um neg\u00f3cio que est\u00e1 pujante e a gente vem investindo bastante nessa \u00e1rea\u201d, diz o empres\u00e1rio. O grupo tem ainda uma unidade de industrializados em Eldorado (MS), que possibilita alguns outros produtos industrializados, como a lingui\u00e7a frescal, salsicha, mortadela, bacon e presunto, que tamb\u00e9m est\u00e3o em plena expans\u00e3o e que podem ser ampliados com essa rota.<\/p>\n<p>Segundo ele, a opera\u00e7\u00e3o de todas as rotas pode influenciar o aumento do volume dos neg\u00f3cios de todo o grupo. Atualmente as exporta\u00e7\u00f5es da empresa representam algo em torno de 40% da produ\u00e7\u00e3o e de 60% da receita.<\/p>\n<p>A psicultura, diz ele, responde por uma margem entre 5% e 10% dos neg\u00f3cios, enquanto que o frigorifico, na casa de 40%, e as demais atividades representam o restante da fatia do bolo do grupo, que \u00e9 l\u00edder na produ\u00e7\u00e3o de ovos e pintinhos na Am\u00e9rica Latina.<\/p>\n<p>Gargalos &#8211; O empres\u00e1rio afirma que as dificuldades de log\u00edstica no Brasil prejudicam o com\u00e9rcio com mais de 20 pa\u00edses, entre os quais, China, Emirados \u00c1rabes, Arabia Saudita, Jap\u00e3o, Cingapura e Chile, para os quais o grupo tem habilita\u00e7\u00e3o.<\/p>\n<p>Segundo ele, o escoamento dos produtos ocorre pelo transporte rodovi\u00e1rio, trajeto que dura entre sete e dez dias para chegar ao Chile, por exemplo. A expectativa \u00e9 de ganhar competitividade nesses mercados a partir do in\u00edcio das opera\u00e7\u00f5es da Rota Bioce\u00e2nica que deve reduzir o trajeto para tr\u00eas ou quatro dias, considerando a extens\u00e3o de 2,628 mil km da unidade de Itaquira\u00ed a Santiago, no Chile.<\/p>\n<p>A empresa evita exportar pelo Porto de Santos por causa de burocracias e morosidades, processo que, segundo calcula Block, elevaria o tempo em torno de 35 dias para os produtores chegarem aos clientes chilenos.<\/p>\n<p>A expectativa do empres\u00e1rio \u00e9 de que os benef\u00edcios da Rota ocorram a partir de julho deste ano. \u201cO que podemos observar, aqui no F\u00f3rum, \u00e9 que existem trechos que ficar\u00e3o prontos tanto no Chile como aqui no Brasil que podem ser conclu\u00eddos at\u00e9 julho. Com isso, podemos nos beneficiar desse projeto antes da conclus\u00e3o final das obras.\u201d<\/p>\n<p>O empres\u00e1rio acredita que em toda extens\u00e3o da Rota Bioce\u00e2nica haver\u00e1 desenvolvimento socioecon\u00f4mico, estimulando diversidades e gerando oportunidades de neg\u00f3cios para o Brasil, principalmente para Mato Grosso do Sul, que deve atrair novos investimentos e outras oportunidades de neg\u00f3cios ao se conectar com Chile, Paraguai e Argentina, entre os demais pa\u00edses que est\u00e3o no corredor da Rota Bioce\u00e2nica.<\/p>\n<p>O diretor da JBS, Daniel \u00c1vila apontou as dificuldades log\u00edsticas como um grande entrave. \u201cO desafio que teremos, al\u00e9m de sermos mais produtivos, \u00e9 de continuar a crescer. N\u00e3o tenho d\u00favida de que, com o cuidado que haver\u00e1, favorecendo a produtividade, teremos uma rela\u00e7\u00e3o comercial ainda maior com o pa\u00eds t\u00e3o importante como o Chile.\u201d<\/p>\n<p>O vice-presidente do grupo Sonda, empresa de solu\u00e7\u00f5es e servi\u00e7os de tecnologia, Rivaldo Ferreira, destacou as oportunidades nas parcerias p\u00fablico-privada e o potencial da tecnologia para o monitoramento da Rota Bioce\u00e2nica, com c\u00e2maras, garantindo seguran\u00e7a nas estradas.<\/p>\n","protected":false},"excerpt":{"rendered":"<p>Empres\u00e1rios que participaram das tratativas sobre o in\u00edcio da Rota Bioce\u00e2nica de Capric\u00f3rnio, prevista para 2026, est\u00e3o animados diante de novas oportunidades que devem surgir nos neg\u00f3cios embalados pela perspectiva de melhora na log\u00edstica dos produtos para o exterior. A t\u00f4nica do F\u00f3rum Empresarial Brasil-Chile, realizado nesta quarta-feira, na sede da Confedera\u00e7\u00e3o Nacional da Ind\u00fastria [&hellip;]<\/p>\n","protected":false},"author":8,"featured_media":3731,"comment_status":"open","ping_status":"open","sticky":false,"template":"","format":"standard","meta":{"_acf_changed":false,"_relevanssi_hide_post":"","_relevanssi_hide_content":"","_relevanssi_pin_for_all":"","_relevanssi_pin_keywords":"","_relevanssi_unpin_keywords":"","_relevanssi_related_keywords":"","_relevanssi_related_include_ids":"","_relevanssi_related_exclude_ids":"","_relevanssi_related_no_append":"","_relevanssi_related_not_related":"","_relevanssi_related_posts":"","_relevanssi_noindex_reason":"","footnotes":""},"categories":[2],"tags":[145],"class_list":["post-3730","post","type-post","status-publish","format-standard","has-post-thumbnail","hentry","category-en-los-medios","tag-brasil"],"acf":[],"yoast_head":"<!-- This site is optimized with the Yoast SEO plugin v25.5 - https:\/\/yoast.com\/wordpress\/plugins\/seo\/ -->\n<title>Com avan\u00e7o de negocia\u00e7\u00f5es da Bioce\u00e2nica, empresas j\u00e1 falam em dobrar faturamento - Corredor Bioce\u00e1nico de Capricornio<\/title>\n<meta name=\"robots\" content=\"index, follow, max-snippet:-1, max-image-preview:large, max-video-preview:-1\" \/>\n<link rel=\"canonical\" href=\"https:\/\/corredorbioceanico.org\/pb\/br-com-avanco-de-negociacoes-da-bioceanica-empresas-ja-falam-em-dobrar-faturamento\/\" \/>\n<meta property=\"og:locale\" content=\"pt_BR\" \/>\n<meta property=\"og:type\" content=\"article\" \/>\n<meta property=\"og:title\" content=\"[:pb]Com avan\u00e7o de negocia\u00e7\u00f5es da Bioce\u00e2nica, empresas j\u00e1 falam em dobrar faturamento[:] - Corredor Bioce\u00e1nico de Capricornio\" \/>\n<meta property=\"og:description\" content=\"Empres\u00e1rios que participaram das tratativas sobre o in\u00edcio da Rota Bioce\u00e2nica de Capric\u00f3rnio, prevista para 2026, est\u00e3o animados diante de novas oportunidades que devem surgir nos neg\u00f3cios embalados pela perspectiva de melhora na log\u00edstica dos produtos para o exterior. A t\u00f4nica do F\u00f3rum Empresarial Brasil-Chile, realizado nesta quarta-feira, na sede da Confedera\u00e7\u00e3o Nacional da Ind\u00fastria [&hellip;]\" \/>\n<meta property=\"og:url\" content=\"https:\/\/corredorbioceanico.org\/pb\/br-com-avanco-de-negociacoes-da-bioceanica-empresas-ja-falam-em-dobrar-faturamento\/\" \/>\n<meta property=\"og:site_name\" content=\"Corredor Bioce\u00e1nico de Capricornio\" \/>\n<meta property=\"article:published_time\" content=\"2025-04-24T18:24:28+00:00\" \/>\n<meta property=\"article:modified_time\" content=\"2025-04-30T18:24:39+00:00\" \/>\n<meta property=\"og:image\" content=\"https:\/\/corredorbioceanico.org\/cms\/wp-content\/uploads\/2025\/04\/2025-04-24-Brasil.jpg\" \/>\n\t<meta property=\"og:image:width\" content=\"1024\" \/>\n\t<meta property=\"og:image:height\" content=\"768\" \/>\n\t<meta property=\"og:image:type\" content=\"image\/jpeg\" \/>\n<meta name=\"author\" content=\"Federico\" \/>\n<meta name=\"twitter:card\" content=\"summary_large_image\" \/>\n<meta name=\"twitter:label1\" content=\"Escrito por\" \/>\n\t<meta name=\"twitter:data1\" content=\"Federico\" \/>\n\t<meta name=\"twitter:label2\" content=\"Est. tempo de leitura\" \/>\n\t<meta name=\"twitter:data2\" content=\"5 minutos\" \/>\n<script type=\"application\/ld+json\" class=\"yoast-schema-graph\">{\"@context\":\"https:\/\/schema.org\",\"@graph\":[{\"@type\":\"Article\",\"@id\":\"https:\/\/corredorbioceanico.org\/pb\/br-com-avanco-de-negociacoes-da-bioceanica-empresas-ja-falam-em-dobrar-faturamento\/#article\",\"isPartOf\":{\"@id\":\"https:\/\/corredorbioceanico.org\/pb\/br-com-avanco-de-negociacoes-da-bioceanica-empresas-ja-falam-em-dobrar-faturamento\/\"},\"author\":{\"name\":\"Federico\",\"@id\":\"https:\/\/corredorbioceanico.org\/es\/#\/schema\/person\/0b9d063110b433ea33c27fd62da0937d\"},\"headline\":\"Com avan\u00e7o de negocia\u00e7\u00f5es da Bioce\u00e2nica, empresas j\u00e1 falam em dobrar faturamento\",\"datePublished\":\"2025-04-24T18:24:28+00:00\",\"dateModified\":\"2025-04-30T18:24:39+00:00\",\"mainEntityOfPage\":{\"@id\":\"https:\/\/corredorbioceanico.org\/pb\/br-com-avanco-de-negociacoes-da-bioceanica-empresas-ja-falam-em-dobrar-faturamento\/\"},\"wordCount\":1009,\"commentCount\":0,\"publisher\":{\"@id\":\"https:\/\/corredorbioceanico.org\/es\/#organization\"},\"image\":{\"@id\":\"https:\/\/corredorbioceanico.org\/pb\/br-com-avanco-de-negociacoes-da-bioceanica-empresas-ja-falam-em-dobrar-faturamento\/#primaryimage\"},\"thumbnailUrl\":\"https:\/\/corredorbioceanico.org\/cms\/wp-content\/uploads\/2025\/04\/2025-04-24-Brasil.jpg\",\"keywords\":[\"Brasil\"],\"articleSection\":[\"Na m\u00eddia\"],\"inLanguage\":\"pt-BR\",\"potentialAction\":[{\"@type\":\"CommentAction\",\"name\":\"Comment\",\"target\":[\"https:\/\/corredorbioceanico.org\/pb\/br-com-avanco-de-negociacoes-da-bioceanica-empresas-ja-falam-em-dobrar-faturamento\/#respond\"]}]},{\"@type\":\"WebPage\",\"@id\":\"https:\/\/corredorbioceanico.org\/pb\/br-com-avanco-de-negociacoes-da-bioceanica-empresas-ja-falam-em-dobrar-faturamento\/\",\"url\":\"https:\/\/corredorbioceanico.org\/pb\/br-com-avanco-de-negociacoes-da-bioceanica-empresas-ja-falam-em-dobrar-faturamento\/\",\"name\":\"[:pb]Com avan\u00e7o de negocia\u00e7\u00f5es da Bioce\u00e2nica, empresas j\u00e1 falam em dobrar faturamento[:] - Corredor Bioce\u00e1nico de Capricornio\",\"isPartOf\":{\"@id\":\"https:\/\/corredorbioceanico.org\/es\/#website\"},\"primaryImageOfPage\":{\"@id\":\"https:\/\/corredorbioceanico.org\/pb\/br-com-avanco-de-negociacoes-da-bioceanica-empresas-ja-falam-em-dobrar-faturamento\/#primaryimage\"},\"image\":{\"@id\":\"https:\/\/corredorbioceanico.org\/pb\/br-com-avanco-de-negociacoes-da-bioceanica-empresas-ja-falam-em-dobrar-faturamento\/#primaryimage\"},\"thumbnailUrl\":\"https:\/\/corredorbioceanico.org\/cms\/wp-content\/uploads\/2025\/04\/2025-04-24-Brasil.jpg\",\"datePublished\":\"2025-04-24T18:24:28+00:00\",\"dateModified\":\"2025-04-30T18:24:39+00:00\",\"breadcrumb\":{\"@id\":\"https:\/\/corredorbioceanico.org\/pb\/br-com-avanco-de-negociacoes-da-bioceanica-empresas-ja-falam-em-dobrar-faturamento\/#breadcrumb\"},\"inLanguage\":\"pt-BR\",\"potentialAction\":[{\"@type\":\"ReadAction\",\"target\":[\"https:\/\/corredorbioceanico.org\/pb\/br-com-avanco-de-negociacoes-da-bioceanica-empresas-ja-falam-em-dobrar-faturamento\/\"]}]},{\"@type\":\"ImageObject\",\"inLanguage\":\"pt-BR\",\"@id\":\"https:\/\/corredorbioceanico.org\/pb\/br-com-avanco-de-negociacoes-da-bioceanica-empresas-ja-falam-em-dobrar-faturamento\/#primaryimage\",\"url\":\"https:\/\/corredorbioceanico.org\/cms\/wp-content\/uploads\/2025\/04\/2025-04-24-Brasil.jpg\",\"contentUrl\":\"https:\/\/corredorbioceanico.org\/cms\/wp-content\/uploads\/2025\/04\/2025-04-24-Brasil.jpg\",\"width\":1024,\"height\":768},{\"@type\":\"BreadcrumbList\",\"@id\":\"https:\/\/corredorbioceanico.org\/pb\/br-com-avanco-de-negociacoes-da-bioceanica-empresas-ja-falam-em-dobrar-faturamento\/#breadcrumb\",\"itemListElement\":[{\"@type\":\"ListItem\",\"position\":1,\"name\":\"Portada\",\"item\":\"https:\/\/corredorbioceanico.org\/es\/\"},{\"@type\":\"ListItem\",\"position\":2,\"name\":\"Com avan\u00e7o de negocia\u00e7\u00f5es da Bioce\u00e2nica, empresas j\u00e1 falam em dobrar faturamento\"}]},{\"@type\":\"WebSite\",\"@id\":\"https:\/\/corredorbioceanico.org\/es\/#website\",\"url\":\"https:\/\/corredorbioceanico.org\/es\/\",\"name\":\"Corredor Bioce\u00e1nico de Capricornio\",\"description\":\"Sitio Web del Corredor Bioce\u00e1nico de Capricornio\",\"publisher\":{\"@id\":\"https:\/\/corredorbioceanico.org\/es\/#organization\"},\"potentialAction\":[{\"@type\":\"SearchAction\",\"target\":{\"@type\":\"EntryPoint\",\"urlTemplate\":\"https:\/\/corredorbioceanico.org\/es\/?s={search_term_string}\"},\"query-input\":{\"@type\":\"PropertyValueSpecification\",\"valueRequired\":true,\"valueName\":\"search_term_string\"}}],\"inLanguage\":\"pt-BR\"},{\"@type\":\"Organization\",\"@id\":\"https:\/\/corredorbioceanico.org\/es\/#organization\",\"name\":\"Corredor Bioce\u00e1nico de Capricornio\",\"url\":\"https:\/\/corredorbioceanico.org\/es\/\",\"logo\":{\"@type\":\"ImageObject\",\"inLanguage\":\"pt-BR\",\"@id\":\"https:\/\/corredorbioceanico.org\/es\/#\/schema\/logo\/image\/\",\"url\":\"https:\/\/corredorbioceanico.org\/cms\/wp-content\/uploads\/2025\/02\/CBC_ID_WEB_1B.png\",\"contentUrl\":\"https:\/\/corredorbioceanico.org\/cms\/wp-content\/uploads\/2025\/02\/CBC_ID_WEB_1B.png\",\"width\":652,\"height\":200,\"caption\":\"Corredor Bioce\u00e1nico de Capricornio\"},\"image\":{\"@id\":\"https:\/\/corredorbioceanico.org\/es\/#\/schema\/logo\/image\/\"}},{\"@type\":\"Person\",\"@id\":\"https:\/\/corredorbioceanico.org\/es\/#\/schema\/person\/0b9d063110b433ea33c27fd62da0937d\",\"name\":\"Federico\",\"image\":{\"@type\":\"ImageObject\",\"inLanguage\":\"pt-BR\",\"@id\":\"https:\/\/corredorbioceanico.org\/es\/#\/schema\/person\/image\/\",\"url\":\"https:\/\/secure.gravatar.com\/avatar\/4e0b49457d6078570c5e66c647b6a30f?s=96&d=mm&r=g\",\"contentUrl\":\"https:\/\/secure.gravatar.com\/avatar\/4e0b49457d6078570c5e66c647b6a30f?s=96&d=mm&r=g\",\"caption\":\"Federico\"},\"url\":\"https:\/\/corredorbioceanico.org\/pb\/author\/federicomiadb-org\/\"}]}<\/script>\n<!-- \/ Yoast SEO plugin. -->","yoast_head_json":{"title":"[:pb]Com avan\u00e7o de negocia\u00e7\u00f5es da Bioce\u00e2nica, empresas j\u00e1 falam em dobrar faturamento[:] - Corredor Bioce\u00e1nico de Capricornio","robots":{"index":"index","follow":"follow","max-snippet":"max-snippet:-1","max-image-preview":"max-image-preview:large","max-video-preview":"max-video-preview:-1"},"canonical":"https:\/\/corredorbioceanico.org\/pb\/br-com-avanco-de-negociacoes-da-bioceanica-empresas-ja-falam-em-dobrar-faturamento\/","og_locale":"pt_BR","og_type":"article","og_title":"[:pb]Com avan\u00e7o de negocia\u00e7\u00f5es da Bioce\u00e2nica, empresas j\u00e1 falam em dobrar faturamento[:] - Corredor Bioce\u00e1nico de Capricornio","og_description":"Empres\u00e1rios que participaram das tratativas sobre o in\u00edcio da Rota Bioce\u00e2nica de Capric\u00f3rnio, prevista para 2026, est\u00e3o animados diante de novas oportunidades que devem surgir nos neg\u00f3cios embalados pela perspectiva de melhora na log\u00edstica dos produtos para o exterior. A t\u00f4nica do F\u00f3rum Empresarial Brasil-Chile, realizado nesta quarta-feira, na sede da Confedera\u00e7\u00e3o Nacional da Ind\u00fastria [&hellip;]","og_url":"https:\/\/corredorbioceanico.org\/pb\/br-com-avanco-de-negociacoes-da-bioceanica-empresas-ja-falam-em-dobrar-faturamento\/","og_site_name":"Corredor Bioce\u00e1nico de Capricornio","article_published_time":"2025-04-24T18:24:28+00:00","article_modified_time":"2025-04-30T18:24:39+00:00","og_image":[{"width":1024,"height":768,"url":"https:\/\/corredorbioceanico.org\/cms\/wp-content\/uploads\/2025\/04\/2025-04-24-Brasil.jpg","type":"image\/jpeg"}],"author":"Federico","twitter_card":"summary_large_image","twitter_misc":{"Escrito por":"Federico","Est. tempo de leitura":"5 minutos"},"schema":{"@context":"https:\/\/schema.org","@graph":[{"@type":"Article","@id":"https:\/\/corredorbioceanico.org\/pb\/br-com-avanco-de-negociacoes-da-bioceanica-empresas-ja-falam-em-dobrar-faturamento\/#article","isPartOf":{"@id":"https:\/\/corredorbioceanico.org\/pb\/br-com-avanco-de-negociacoes-da-bioceanica-empresas-ja-falam-em-dobrar-faturamento\/"},"author":{"name":"Federico","@id":"https:\/\/corredorbioceanico.org\/es\/#\/schema\/person\/0b9d063110b433ea33c27fd62da0937d"},"headline":"Com avan\u00e7o de negocia\u00e7\u00f5es da Bioce\u00e2nica, empresas j\u00e1 falam em dobrar faturamento","datePublished":"2025-04-24T18:24:28+00:00","dateModified":"2025-04-30T18:24:39+00:00","mainEntityOfPage":{"@id":"https:\/\/corredorbioceanico.org\/pb\/br-com-avanco-de-negociacoes-da-bioceanica-empresas-ja-falam-em-dobrar-faturamento\/"},"wordCount":1009,"commentCount":0,"publisher":{"@id":"https:\/\/corredorbioceanico.org\/es\/#organization"},"image":{"@id":"https:\/\/corredorbioceanico.org\/pb\/br-com-avanco-de-negociacoes-da-bioceanica-empresas-ja-falam-em-dobrar-faturamento\/#primaryimage"},"thumbnailUrl":"https:\/\/corredorbioceanico.org\/cms\/wp-content\/uploads\/2025\/04\/2025-04-24-Brasil.jpg","keywords":["Brasil"],"articleSection":["Na m\u00eddia"],"inLanguage":"pt-BR","potentialAction":[{"@type":"CommentAction","name":"Comment","target":["https:\/\/corredorbioceanico.org\/pb\/br-com-avanco-de-negociacoes-da-bioceanica-empresas-ja-falam-em-dobrar-faturamento\/#respond"]}]},{"@type":"WebPage","@id":"https:\/\/corredorbioceanico.org\/pb\/br-com-avanco-de-negociacoes-da-bioceanica-empresas-ja-falam-em-dobrar-faturamento\/","url":"https:\/\/corredorbioceanico.org\/pb\/br-com-avanco-de-negociacoes-da-bioceanica-empresas-ja-falam-em-dobrar-faturamento\/","name":"[:pb]Com avan\u00e7o de negocia\u00e7\u00f5es da Bioce\u00e2nica, empresas j\u00e1 falam em dobrar faturamento[:] - Corredor Bioce\u00e1nico de Capricornio","isPartOf":{"@id":"https:\/\/corredorbioceanico.org\/es\/#website"},"primaryImageOfPage":{"@id":"https:\/\/corredorbioceanico.org\/pb\/br-com-avanco-de-negociacoes-da-bioceanica-empresas-ja-falam-em-dobrar-faturamento\/#primaryimage"},"image":{"@id":"https:\/\/corredorbioceanico.org\/pb\/br-com-avanco-de-negociacoes-da-bioceanica-empresas-ja-falam-em-dobrar-faturamento\/#primaryimage"},"thumbnailUrl":"https:\/\/corredorbioceanico.org\/cms\/wp-content\/uploads\/2025\/04\/2025-04-24-Brasil.jpg","datePublished":"2025-04-24T18:24:28+00:00","dateModified":"2025-04-30T18:24:39+00:00","breadcrumb":{"@id":"https:\/\/corredorbioceanico.org\/pb\/br-com-avanco-de-negociacoes-da-bioceanica-empresas-ja-falam-em-dobrar-faturamento\/#breadcrumb"},"inLanguage":"pt-BR","potentialAction":[{"@type":"ReadAction","target":["https:\/\/corredorbioceanico.org\/pb\/br-com-avanco-de-negociacoes-da-bioceanica-empresas-ja-falam-em-dobrar-faturamento\/"]}]},{"@type":"ImageObject","inLanguage":"pt-BR","@id":"https:\/\/corredorbioceanico.org\/pb\/br-com-avanco-de-negociacoes-da-bioceanica-empresas-ja-falam-em-dobrar-faturamento\/#primaryimage","url":"https:\/\/corredorbioceanico.org\/cms\/wp-content\/uploads\/2025\/04\/2025-04-24-Brasil.jpg","contentUrl":"https:\/\/corredorbioceanico.org\/cms\/wp-content\/uploads\/2025\/04\/2025-04-24-Brasil.jpg","width":1024,"height":768},{"@type":"BreadcrumbList","@id":"https:\/\/corredorbioceanico.org\/pb\/br-com-avanco-de-negociacoes-da-bioceanica-empresas-ja-falam-em-dobrar-faturamento\/#breadcrumb","itemListElement":[{"@type":"ListItem","position":1,"name":"Portada","item":"https:\/\/corredorbioceanico.org\/es\/"},{"@type":"ListItem","position":2,"name":"Com avan\u00e7o de negocia\u00e7\u00f5es da Bioce\u00e2nica, empresas j\u00e1 falam em dobrar faturamento"}]},{"@type":"WebSite","@id":"https:\/\/corredorbioceanico.org\/es\/#website","url":"https:\/\/corredorbioceanico.org\/es\/","name":"Corredor Bioce\u00e1nico de Capricornio","description":"Sitio Web del Corredor Bioce\u00e1nico de Capricornio","publisher":{"@id":"https:\/\/corredorbioceanico.org\/es\/#organization"},"potentialAction":[{"@type":"SearchAction","target":{"@type":"EntryPoint","urlTemplate":"https:\/\/corredorbioceanico.org\/es\/?s={search_term_string}"},"query-input":{"@type":"PropertyValueSpecification","valueRequired":true,"valueName":"search_term_string"}}],"inLanguage":"pt-BR"},{"@type":"Organization","@id":"https:\/\/corredorbioceanico.org\/es\/#organization","name":"Corredor Bioce\u00e1nico de Capricornio","url":"https:\/\/corredorbioceanico.org\/es\/","logo":{"@type":"ImageObject","inLanguage":"pt-BR","@id":"https:\/\/corredorbioceanico.org\/es\/#\/schema\/logo\/image\/","url":"https:\/\/corredorbioceanico.org\/cms\/wp-content\/uploads\/2025\/02\/CBC_ID_WEB_1B.png","contentUrl":"https:\/\/corredorbioceanico.org\/cms\/wp-content\/uploads\/2025\/02\/CBC_ID_WEB_1B.png","width":652,"height":200,"caption":"Corredor Bioce\u00e1nico de Capricornio"},"image":{"@id":"https:\/\/corredorbioceanico.org\/es\/#\/schema\/logo\/image\/"}},{"@type":"Person","@id":"https:\/\/corredorbioceanico.org\/es\/#\/schema\/person\/0b9d063110b433ea33c27fd62da0937d","name":"Federico","image":{"@type":"ImageObject","inLanguage":"pt-BR","@id":"https:\/\/corredorbioceanico.org\/es\/#\/schema\/person\/image\/","url":"https:\/\/secure.gravatar.com\/avatar\/4e0b49457d6078570c5e66c647b6a30f?s=96&d=mm&r=g","contentUrl":"https:\/\/secure.gravatar.com\/avatar\/4e0b49457d6078570c5e66c647b6a30f?s=96&d=mm&r=g","caption":"Federico"},"url":"https:\/\/corredorbioceanico.org\/pb\/author\/federicomiadb-org\/"}]}},"_links":{"self":[{"href":"https:\/\/corredorbioceanico.org\/pb\/wp-json\/wp\/v2\/posts\/3730","targetHints":{"allow":["GET"]}}],"collection":[{"href":"https:\/\/corredorbioceanico.org\/pb\/wp-json\/wp\/v2\/posts"}],"about":[{"href":"https:\/\/corredorbioceanico.org\/pb\/wp-json\/wp\/v2\/types\/post"}],"author":[{"embeddable":true,"href":"https:\/\/corredorbioceanico.org\/pb\/wp-json\/wp\/v2\/users\/8"}],"replies":[{"embeddable":true,"href":"https:\/\/corredorbioceanico.org\/pb\/wp-json\/wp\/v2\/comments?post=3730"}],"version-history":[{"count":1,"href":"https:\/\/corredorbioceanico.org\/pb\/wp-json\/wp\/v2\/posts\/3730\/revisions"}],"predecessor-version":[{"id":3732,"href":"https:\/\/corredorbioceanico.org\/pb\/wp-json\/wp\/v2\/posts\/3730\/revisions\/3732"}],"wp:featuredmedia":[{"embeddable":true,"href":"https:\/\/corredorbioceanico.org\/pb\/wp-json\/wp\/v2\/media\/3731"}],"wp:attachment":[{"href":"https:\/\/corredorbioceanico.org\/pb\/wp-json\/wp\/v2\/media?parent=3730"}],"wp:term":[{"taxonomy":"category","embeddable":true,"href":"https:\/\/corredorbioceanico.org\/pb\/wp-json\/wp\/v2\/categories?post=3730"},{"taxonomy":"post_tag","embeddable":true,"href":"https:\/\/corredorbioceanico.org\/pb\/wp-json\/wp\/v2\/tags?post=3730"}],"curies":[{"name":"wp","href":"https:\/\/api.w.org\/{rel}","templated":true}]}}